{"id":38836,"date":"2022-04-20T07:36:11","date_gmt":"2022-04-20T10:36:11","guid":{"rendered":"http:\/\/www.sincomam.org.br\/?p=38836"},"modified":"2022-04-20T07:36:11","modified_gmt":"2022-04-20T10:36:11","slug":"governo-retoma-operacoes-de-instalacao-portuaria-em-careiro-da-varzea-am","status":"publish","type":"post","link":"https:\/\/www.sincomam.org.br\/index.php\/governo-retoma-operacoes-de-instalacao-portuaria-em-careiro-da-varzea-am\/","title":{"rendered":"GOVERNO RETOMA OPERA\u00c7\u00d5ES DE INSTALA\u00c7\u00c3O PORTU\u00c1RIA EM CAREIRO DA V\u00c1RZEA (AM)"},"content":{"rendered":"<p>Essencial para a conex\u00e3o da cidade de Careiro da V\u00e1rzea com Manaus (AM), a opera\u00e7\u00e3o da Instala\u00e7\u00e3o Portu\u00e1ria P\u00fablica de Pequeno Porte (IP4) do munic\u00edpio foi reestabelecida pelo Governo Federal, por meio do Minist\u00e9rio da Infraestrutura (MInfra). Ser\u00e3o beneficiados diretamente com a entrega os 31 mil habitantes da cidade, que ter\u00e3o mais seguran\u00e7a e conforto no transporte hidrovi\u00e1rio.<\/p>\n<p>O funcionamento da IP4 estava suspenso desde setembro de 2021, devido ao assoreamento no talude e na rampa de concreto, sendo, portanto, restabelecido ap\u00f3s atua\u00e7\u00e3o do Departamento Nacional de Infraestrutura e Transportes (DNIT) nos \u00faltimos sete meses. No per\u00edodo, foram realizados servi\u00e7os de manuten\u00e7\u00e3o, garantindo a conserva\u00e7\u00e3o do retroporto e das estruturas navais.<\/p>\n<p>Al\u00e9m disso, tamb\u00e9m foram executados servi\u00e7os de conserva\u00e7\u00e3o, como retirada de toras e galhadas, desassoreamento, manuten\u00e7\u00e3o do sistema de fundeio, manuten\u00e7\u00e3o predial, naval e da f\u00e1brica de gelo. Nos \u00faltimos 12 meses, 715 embarca\u00e7\u00f5es e 44.337 pessoas passaram pelo IP4, localizada no Rio Solim\u00f5es, a 25 quil\u00f4metros de Manaus. Sua estrutura consiste em rampa de concreto, ponte m\u00f3vel e uma atraca\u00e7\u00e3o que consiste em rampa fixa, ponte rolante e flutuante principal.<\/p>\n<p>Fonte: Informativo dos Portos<\/p>\n","protected":false},"excerpt":{"rendered":"<p>Essencial para a conex\u00e3o da cidade de Careiro da V\u00e1rzea com Manaus (AM), a opera\u00e7\u00e3o da Instala\u00e7\u00e3o Portu\u00e1ria P\u00fablica de Pequeno Porte (IP4) do munic\u00edpio&#8230;<\/p>\n","protected":false},"author":1527,"featured_media":38837,"comment_status":"closed","ping_status":"closed","sticky":false,"template":"","format":"standard","meta":{"footnotes":""},"categories":[6],"tags":[],"class_list":["post-38836","post","type-post","status-publish","format-standard","has-post-thumbnail","hentry","category-noticias"],"_links":{"self":[{"href":"https:\/\/www.sincomam.org.br\/index.php\/wp-json\/wp\/v2\/posts\/38836","targetHints":{"allow":["GET"]}}],"collection":[{"href":"https:\/\/www.sincomam.org.br\/index.php\/wp-json\/wp\/v2\/posts"}],"about":[{"href":"https:\/\/www.sincomam.org.br\/index.php\/wp-json\/wp\/v2\/types\/post"}],"author":[{"embeddable":true,"href":"https:\/\/www.sincomam.org.br\/index.php\/wp-json\/wp\/v2\/users\/1527"}],"replies":[{"embeddable":true,"href":"https:\/\/www.sincomam.org.br\/index.php\/wp-json\/wp\/v2\/comments?post=38836"}],"version-history":[{"count":1,"href":"https:\/\/www.sincomam.org.br\/index.php\/wp-json\/wp\/v2\/posts\/38836\/revisions"}],"predecessor-version":[{"id":38838,"href":"https:\/\/www.sincomam.org.br\/index.php\/wp-json\/wp\/v2\/posts\/38836\/revisions\/38838"}],"wp:featuredmedia":[{"embeddable":true,"href":"https:\/\/www.sincomam.org.br\/index.php\/wp-json\/wp\/v2\/media\/38837"}],"wp:attachment":[{"href":"https:\/\/www.sincomam.org.br\/index.php\/wp-json\/wp\/v2\/media?parent=38836"}],"wp:term":[{"taxonomy":"category","embeddable":true,"href":"https:\/\/www.sincomam.org.br\/index.php\/wp-json\/wp\/v2\/categories?post=38836"},{"taxonomy":"post_tag","embeddable":true,"href":"https:\/\/www.sincomam.org.br\/index.php\/wp-json\/wp\/v2\/tags?post=38836"}],"curies":[{"name":"wp","href":"https:\/\/api.w.org\/{rel}","templated":true}]}}