{"id":38818,"date":"2022-04-19T04:08:54","date_gmt":"2022-04-19T07:08:54","guid":{"rendered":"http:\/\/www.sincomam.org.br\/?p=38818"},"modified":"2022-04-19T04:08:54","modified_gmt":"2022-04-19T07:08:54","slug":"operantar-xl-e-encerrada-com-a-chegada-dos-navios-ao-rio-de-janeiro","status":"publish","type":"post","link":"https:\/\/www.sincomam.org.br\/index.php\/operantar-xl-e-encerrada-com-a-chegada-dos-navios-ao-rio-de-janeiro\/","title":{"rendered":"OPERANTAR XL \u00e9 encerrada com a chegada dos navios ao Rio de Janeiro"},"content":{"rendered":"<p>Regressaram nesta ter\u00e7a-feira \u00e0 cidade de Niter\u00f3i (RJ), o Navio de Apoio Oceanogr\u00e1fico (NApOc) \u201cAry Rongel\u201d e o Navio Polar (NPo) \u201cAlmirante Maximiano\u201d, marcando o encerramento da Opera\u00e7\u00e3o Ant\u00e1rtica XL (OPERANTAR), ap\u00f3s 183 dias de viagem.<\/p>\n<p>A OPERANTAR XL marcou a retomada dos projetos de pesquisa de campo e uso dos laborat\u00f3rios da Esta\u00e7\u00e3o Ant\u00e1rtica Comandante Ferraz (EACF), ap\u00f3s interrup\u00e7\u00e3o por ocasi\u00e3o da pandemia da Covid-19. Durante a opera\u00e7\u00e3o, os navios prestaram relevantes apoios para a an\u00e1lise de dados meteorol\u00f3gicos e oceanogr\u00e1ficos do Continente Ant\u00e1rtico, al\u00e9m de apoiar logisticamente a EACF.<\/p>\n<p>Criado em 1982, o Programa Ant\u00e1rtico Brasileiro (PROANTAR) incluiu o Brasil no grupo de 29 pa\u00edses que definem o futuro da Ant\u00e1rtica. O prop\u00f3sito do programa \u00e9 ampliar o conhecimento cient\u00edfico no continente gelado para compreender os fen\u00f4menos que ali ocorrem e a influ\u00eancia deles sobre o territ\u00f3rio brasileiro. A OPERANTAR \u00e9 uma das mais complexas e extensas opera\u00e7\u00f5es realizadas, anualmente, pela Marinha do Brasil, e envolve um planejamento minucioso, para garantir a presen\u00e7a do pa\u00eds no continente gelado, por meio do PROANTAR.<\/p>\n<p>O planejamento das opera\u00e7\u00f5es come\u00e7a no ano anterior com o processo de sele\u00e7\u00e3o dos projetos de pesquisa, que envolve an\u00e1lise quanto ao m\u00e9rito cient\u00edfico, impacto ambiental, disponibilidade financeira e meios para coleta de dados na regi\u00e3o austral.<\/p>\n<p>Fonte: Marinha do Brasil<\/p>\n","protected":false},"excerpt":{"rendered":"<p>Regressaram nesta ter\u00e7a-feira \u00e0 cidade de Niter\u00f3i (RJ), o Navio de Apoio Oceanogr\u00e1fico (NApOc) \u201cAry Rongel\u201d e o Navio Polar (NPo) \u201cAlmirante Maximiano\u201d, marcando o&#8230;<\/p>\n","protected":false},"author":1527,"featured_media":38819,"comment_status":"closed","ping_status":"closed","sticky":false,"template":"","format":"standard","meta":{"footnotes":""},"categories":[6],"tags":[],"class_list":["post-38818","post","type-post","status-publish","format-standard","has-post-thumbnail","hentry","category-noticias"],"_links":{"self":[{"href":"https:\/\/www.sincomam.org.br\/index.php\/wp-json\/wp\/v2\/posts\/38818","targetHints":{"allow":["GET"]}}],"collection":[{"href":"https:\/\/www.sincomam.org.br\/index.php\/wp-json\/wp\/v2\/posts"}],"about":[{"href":"https:\/\/www.sincomam.org.br\/index.php\/wp-json\/wp\/v2\/types\/post"}],"author":[{"embeddable":true,"href":"https:\/\/www.sincomam.org.br\/index.php\/wp-json\/wp\/v2\/users\/1527"}],"replies":[{"embeddable":true,"href":"https:\/\/www.sincomam.org.br\/index.php\/wp-json\/wp\/v2\/comments?post=38818"}],"version-history":[{"count":1,"href":"https:\/\/www.sincomam.org.br\/index.php\/wp-json\/wp\/v2\/posts\/38818\/revisions"}],"predecessor-version":[{"id":38820,"href":"https:\/\/www.sincomam.org.br\/index.php\/wp-json\/wp\/v2\/posts\/38818\/revisions\/38820"}],"wp:featuredmedia":[{"embeddable":true,"href":"https:\/\/www.sincomam.org.br\/index.php\/wp-json\/wp\/v2\/media\/38819"}],"wp:attachment":[{"href":"https:\/\/www.sincomam.org.br\/index.php\/wp-json\/wp\/v2\/media?parent=38818"}],"wp:term":[{"taxonomy":"category","embeddable":true,"href":"https:\/\/www.sincomam.org.br\/index.php\/wp-json\/wp\/v2\/categories?post=38818"},{"taxonomy":"post_tag","embeddable":true,"href":"https:\/\/www.sincomam.org.br\/index.php\/wp-json\/wp\/v2\/tags?post=38818"}],"curies":[{"name":"wp","href":"https:\/\/api.w.org\/{rel}","templated":true}]}}