{"id":38815,"date":"2022-04-19T04:00:59","date_gmt":"2022-04-19T07:00:59","guid":{"rendered":"http:\/\/www.sincomam.org.br\/?p=38815"},"modified":"2022-04-19T04:00:59","modified_gmt":"2022-04-19T07:00:59","slug":"porto-ponta-do-felix-embarcara-120-mil-toneladas-de-pellets-de-madeira-ate-o-final-de-2022","status":"publish","type":"post","link":"https:\/\/www.sincomam.org.br\/index.php\/porto-ponta-do-felix-embarcara-120-mil-toneladas-de-pellets-de-madeira-ate-o-final-de-2022\/","title":{"rendered":"Porto Ponta do F\u00e9lix embarcar\u00e1 120 mil toneladas de pellets de madeira at\u00e9 o final de 2022"},"content":{"rendered":"<p>Antonina (PR) foi o destino escolhido para realizar uma opera\u00e7\u00e3o in\u00e9dita no Brasil de exporta\u00e7\u00e3o de pellets de madeira \u00e0 granel. Ao todo, 120 mil toneladas devem passar pelo Porto Ponta do F\u00e9lix, totalizando nove navios at\u00e9 o fim do ano. A carga, que at\u00e9 ent\u00e3o era exportada por cont\u00eaineres, est\u00e1 sendo embarcada pelo m\u00e9todo bulk, com custos operacionais menores.<\/p>\n<p>O produto \u00e9 fabricado em Santa Catarina e ser\u00e1 desembarcado na It\u00e1lia com destino \u00e0 Dinamarca, onde ser\u00e1 utilizado como insumo em sistemas de calefa\u00e7\u00e3o.<\/p>\n<p>A primeira exporta\u00e7\u00e3o foi de 15 mil toneladas, realizada em dezembro de 2021.<\/p>\n<p>&#8220;A opera\u00e7\u00e3o de pellets de madeira faz parte da mudan\u00e7a de voca\u00e7\u00e3o pela qual o Porto Ponta do F\u00e9lix est\u00e1 passando nos \u00faltimos anos. A amplia\u00e7\u00e3o do portf\u00f3lio nos permitiu operar malte, pellets de cana e madeira, big bags de alimentos e outros produtos \u00e0 granel&#8221;, explica o presidente do Porto Ponta do F\u00e9lix, Gilberto Birkhan.<\/p>\n<p>A expans\u00e3o em infraestrutura ampliar\u00e1 a atual capacidade est\u00e1tica de 270 mil toneladas para 430 mil toneladas, at\u00e9 in\u00edcio de 2023.<\/p>\n<p>O que \u00e9 o pellet de madeira &#8212; O pellet \u00e9 feito a partir dos subprodutos da madeira. Considerados importantes recursos energ\u00e9ticos, os pellets s\u00e3o formados por res\u00edduos de biomassa vegetal, como a maravalha de madeira, a serragem, o baga\u00e7o de cana-de-a\u00e7\u00facar, entre diversos outros.<\/p>\n<p>Compactos, sua geometria regular \u00e9 apresentada no formato de pequenos cilindros entre 6 e 8 mil\u00edmetros de di\u00e2metro e de 10 a 40 mil\u00edmetros de comprimento.<\/p>\n<p>Essa caracter\u00edstica garante um baixo teor de umidade, o que permite maior densidade energ\u00e9tica, ou seja, mais efici\u00eancia. Segundo a Associa\u00e7\u00e3o Brasileira das Ind\u00fastrias de Biomassa, o pellet de madeira pode ser utilizado como um biocombust\u00edvel granulado.<\/p>\n<p>Para formar os pellets, essa biomassa \u00e9 mo\u00edda e compactada, resultando em um produto resistente ao apodrecimento ou fermenta\u00e7\u00e3o.<\/p>\n<p>Assim, s\u00e3o fonte de energia renov\u00e1vel e limpa, sendo resultado de combust\u00edvel s\u00f3lido gerado a partir de biomassa florestal. Na Europa, os pellets s\u00e3o utilizados em lareiras e sistemas de aquecimento, evitando o uso recorrente de combust\u00edveis derivados do petr\u00f3leo e evitando maiores danos ao meio ambiente.<\/p>\n<p>&nbsp;<\/p>\n<p>Fonte: Portos e Navios<\/p>\n","protected":false},"excerpt":{"rendered":"<p>Antonina (PR) foi o destino escolhido para realizar uma opera\u00e7\u00e3o in\u00e9dita no Brasil de exporta\u00e7\u00e3o de pellets de madeira \u00e0 granel. Ao todo, 120 mil&#8230;<\/p>\n","protected":false},"author":1527,"featured_media":38816,"comment_status":"closed","ping_status":"closed","sticky":false,"template":"","format":"standard","meta":{"footnotes":""},"categories":[6],"tags":[],"class_list":["post-38815","post","type-post","status-publish","format-standard","has-post-thumbnail","hentry","category-noticias"],"_links":{"self":[{"href":"https:\/\/www.sincomam.org.br\/index.php\/wp-json\/wp\/v2\/posts\/38815","targetHints":{"allow":["GET"]}}],"collection":[{"href":"https:\/\/www.sincomam.org.br\/index.php\/wp-json\/wp\/v2\/posts"}],"about":[{"href":"https:\/\/www.sincomam.org.br\/index.php\/wp-json\/wp\/v2\/types\/post"}],"author":[{"embeddable":true,"href":"https:\/\/www.sincomam.org.br\/index.php\/wp-json\/wp\/v2\/users\/1527"}],"replies":[{"embeddable":true,"href":"https:\/\/www.sincomam.org.br\/index.php\/wp-json\/wp\/v2\/comments?post=38815"}],"version-history":[{"count":1,"href":"https:\/\/www.sincomam.org.br\/index.php\/wp-json\/wp\/v2\/posts\/38815\/revisions"}],"predecessor-version":[{"id":38817,"href":"https:\/\/www.sincomam.org.br\/index.php\/wp-json\/wp\/v2\/posts\/38815\/revisions\/38817"}],"wp:featuredmedia":[{"embeddable":true,"href":"https:\/\/www.sincomam.org.br\/index.php\/wp-json\/wp\/v2\/media\/38816"}],"wp:attachment":[{"href":"https:\/\/www.sincomam.org.br\/index.php\/wp-json\/wp\/v2\/media?parent=38815"}],"wp:term":[{"taxonomy":"category","embeddable":true,"href":"https:\/\/www.sincomam.org.br\/index.php\/wp-json\/wp\/v2\/categories?post=38815"},{"taxonomy":"post_tag","embeddable":true,"href":"https:\/\/www.sincomam.org.br\/index.php\/wp-json\/wp\/v2\/tags?post=38815"}],"curies":[{"name":"wp","href":"https:\/\/api.w.org\/{rel}","templated":true}]}}