{"id":38804,"date":"2022-04-18T02:50:33","date_gmt":"2022-04-18T05:50:33","guid":{"rendered":"http:\/\/www.sincomam.org.br\/?p=38804"},"modified":"2022-04-18T02:50:33","modified_gmt":"2022-04-18T05:50:33","slug":"marinha-mercante-abre-vagas-em-processo-seletivo","status":"publish","type":"post","link":"https:\/\/www.sincomam.org.br\/index.php\/marinha-mercante-abre-vagas-em-processo-seletivo\/","title":{"rendered":"Marinha Mercante abre vagas em processo seletivo"},"content":{"rendered":"<p>A Delegacia da Capitania dos Portos em Itaja\u00ed, em Santa Catarina, publicou novos editais de processo seletivo opara ingresso na Marinha Mercante. S\u00e3o 25 vagas para profissionais que tenham, no m\u00ednimo, o 6\u00ba ano do ensino fundamental completo. Confira as vagas dispon\u00edveis por edital:<\/p>\n<p><strong>Edital n\u00ba 1\/2022:<\/strong>\u00a0Curso de Forma\u00e7\u00e3o de Aquavi\u00e1rios Pescador Profissional N\u00edvel-1<\/p>\n<p><strong>Edital n\u00ba 2\/2022:<\/strong>\u00a0Curso de Forma\u00e7\u00e3o de Aquavi\u00e1rios Pescador Profissional N\u00edvel-2.<\/p>\n<p><strong>Edital n\u00ba 3\/2022:<\/strong>\u00a0Curso de Forma\u00e7\u00e3o de Aquavi\u00e1rios Marinheiro Auxiliar de Conv\u00e9s e Marinheiro Auxiliar de M\u00e1quinas.<\/p>\n<p>Os cursos ser\u00e3o ministrados per\u00edodo de 6 a 21 de junho de 2022, em regime de externato. Os aprovados ter\u00e3o direito a complemento alimentar (almo\u00e7o), mas n\u00e3o haver\u00e1 a facilidade de alojamento.<\/p>\n<h3>Inscri\u00e7\u00f5es e sele\u00e7\u00e3o<\/h3>\n<p>Os interessados podem se inscrever at\u00e9 o dia 9 de maio de 2022, de segunda a quinta-feira, das 9h05 \u00e0s 11h30 e das 13h30 \u00e0s 16h, e nas sextas-feiras, das 9h05 \u00e0s 11h30. O local \u00e9 a Delegacia da Capitania dos Portos em Itaja\u00ed: Av. Prefeito Paulo Bauer, n\u00ba 1055, Centro.<\/p>\n<p>Os candidatos ser\u00e3o classificados por meio de prova escrita, apresenta\u00e7\u00e3o de atestados m\u00e9dicos, teste de sufici\u00eancia f\u00edsica, apresenta\u00e7\u00e3o ao \u00f3rg\u00e3o de execu\u00e7\u00e3o e matr\u00edcula. A prova objetiva ser\u00e1 composta por quest\u00f5es das \u00e1reas de Portugu\u00eas e Matem\u00e1tica, e sua aplica\u00e7\u00e3o est\u00e1 prevista para o dia 21 de maio de 2022.<\/p>\n<h3>Saiba mais<\/h3>\n<p>Para mais informa\u00e7\u00f5es sobre o\u00a0<strong>Processo Seletivo Marinha Mercante 2022<\/strong>, acesse os editais publicados\u00a0<a href=\"https:\/\/www.marinha.mil.br\/delitajai\/cursos\" target=\"_blank\" rel=\"noopener\">neste link<\/a>.<\/p>\n<p>Fonte: Edital Concursos Brasil<\/p>\n","protected":false},"excerpt":{"rendered":"<p>A Delegacia da Capitania dos Portos em Itaja\u00ed, em Santa Catarina, publicou novos editais de processo seletivo opara ingresso na Marinha Mercante. S\u00e3o 25 vagas&#8230;<\/p>\n","protected":false},"author":1527,"featured_media":33200,"comment_status":"closed","ping_status":"closed","sticky":false,"template":"","format":"standard","meta":{"footnotes":""},"categories":[6],"tags":[],"class_list":["post-38804","post","type-post","status-publish","format-standard","has-post-thumbnail","hentry","category-noticias"],"_links":{"self":[{"href":"https:\/\/www.sincomam.org.br\/index.php\/wp-json\/wp\/v2\/posts\/38804","targetHints":{"allow":["GET"]}}],"collection":[{"href":"https:\/\/www.sincomam.org.br\/index.php\/wp-json\/wp\/v2\/posts"}],"about":[{"href":"https:\/\/www.sincomam.org.br\/index.php\/wp-json\/wp\/v2\/types\/post"}],"author":[{"embeddable":true,"href":"https:\/\/www.sincomam.org.br\/index.php\/wp-json\/wp\/v2\/users\/1527"}],"replies":[{"embeddable":true,"href":"https:\/\/www.sincomam.org.br\/index.php\/wp-json\/wp\/v2\/comments?post=38804"}],"version-history":[{"count":1,"href":"https:\/\/www.sincomam.org.br\/index.php\/wp-json\/wp\/v2\/posts\/38804\/revisions"}],"predecessor-version":[{"id":38805,"href":"https:\/\/www.sincomam.org.br\/index.php\/wp-json\/wp\/v2\/posts\/38804\/revisions\/38805"}],"wp:featuredmedia":[{"embeddable":true,"href":"https:\/\/www.sincomam.org.br\/index.php\/wp-json\/wp\/v2\/media\/33200"}],"wp:attachment":[{"href":"https:\/\/www.sincomam.org.br\/index.php\/wp-json\/wp\/v2\/media?parent=38804"}],"wp:term":[{"taxonomy":"category","embeddable":true,"href":"https:\/\/www.sincomam.org.br\/index.php\/wp-json\/wp\/v2\/categories?post=38804"},{"taxonomy":"post_tag","embeddable":true,"href":"https:\/\/www.sincomam.org.br\/index.php\/wp-json\/wp\/v2\/tags?post=38804"}],"curies":[{"name":"wp","href":"https:\/\/api.w.org\/{rel}","templated":true}]}}