{"id":38762,"date":"2022-04-14T10:53:55","date_gmt":"2022-04-14T13:53:55","guid":{"rendered":"http:\/\/www.sincomam.org.br\/?p=38762"},"modified":"2022-04-14T10:53:55","modified_gmt":"2022-04-14T13:53:55","slug":"a-importancia-da-campanha-mar-limpo-e-vida-para-a-preservacao-do-meio-ambiente","status":"publish","type":"post","link":"https:\/\/www.sincomam.org.br\/index.php\/a-importancia-da-campanha-mar-limpo-e-vida-para-a-preservacao-do-meio-ambiente\/","title":{"rendered":"A import\u00e2ncia da campanha \u201cMar Limpo \u00e9 Vida\u201d para a preserva\u00e7\u00e3o do meio ambiente"},"content":{"rendered":"<p>Em setembro de 2008, um grupo de volunt\u00e1rios na Est\u00f4nia se organizou com o projeto de dedicar um dia \u00e0 limpeza de seu pa\u00eds. Naquele momento, n\u00e3o imaginavam que a iniciativa daria in\u00edcio ao que hoje conhecemos como World Cleanup Day (Dia Mundial da Limpeza), um evento de \u00e2mbito mundial que envolveu mais de 20 milh\u00f5es de pessoas em cerca de 180 pa\u00edses no ano passado. Trata-se de uma a\u00e7\u00e3o social global destinada ao combate de toneladas de lixo que s\u00e3o descartadas de modo incorreto no meio ambiente de todo o planeta.<\/p>\n<p><strong>A\u00e7\u00f5es no Brasil<\/strong><br \/>\nO Brasil, pa\u00eds detentor de uma das maiores biodiversidades do mundo, entendendo a quest\u00e3o ambiental como algo de extrema seriedade, incorporou o esp\u00edrito do evento de tal forma que, em 2019, ficou em 10\u00ba lugar no ranking de mobiliza\u00e7\u00e3o de pessoal.<\/p>\n<p>A Marinha do Brasil embarcou na iniciativa em 2019, 2020 e 2021, mobilizando embarca\u00e7\u00f5es e centenas de militares em todo o Pa\u00eds.<\/p>\n<p>O combate ao lixo no mar se apresenta como um dos principais desafios da gest\u00e3o ambiental contempor\u00e2nea. Estima-se que aproximadamente 80% do lixo no mar, constitu\u00eddo principalmente por pl\u00e1sticos, filtros de cigarro, borrachas, metais, vidros, t\u00eaxteis e pap\u00e9is, sejam originados nos continentes, estando a quest\u00e3o intimamente relacionada \u00e0 gera\u00e7\u00e3o e gest\u00e3o de res\u00edduos s\u00f3lidos. Uma vez nos oceanos, os res\u00edduos possuem grande capacidade de dispers\u00e3o e espalhamento por mar\u00e9s, ondas, correntes e eventos naturais, trazendo diversos impactos ambientais, sociais e econ\u00f4micos.<\/p>\n<p>O lixo marinho, principalmente o pl\u00e1stico, tem se tornado motivo de preocupa\u00e7\u00e3o crescente de pa\u00edses e da Organiza\u00e7\u00e3o Mar\u00edtima Internacional (IMO, na sigla em ingl\u00eas), por representar uma amea\u00e7a aos ecossistemas e \u00e0 biodiversidade dos oceanos, criando riscos \u00e0 sa\u00fade humana, prejudicando setores econ\u00f4micos ligados ao mar e afetando a seguran\u00e7a do tr\u00e1fego aquavi\u00e1rio, pelo aumento de incrusta\u00e7\u00f5es, obstru\u00e7\u00e3o de equipamentos, perda de efici\u00eancia e necessidade mais frequente de reparos (segundo a concession\u00e1ria CCR Barcas do Rio de Janeiro, em 2013, 25% do total de reparos realizados nas suas embarca\u00e7\u00f5es em opera\u00e7\u00e3o na Ba\u00eda de Guanabara foram em decorr\u00eancia do lixo no mar). No alto mar, cargas perdidas como cont\u00eaineres e apetrechos de pesca, por exemplo, podem significar uma s\u00e9ria amea\u00e7a \u00e0 seguran\u00e7a da navega\u00e7\u00e3o.<\/p>\n<p>Em 2019, iniciaram-se as tratativas entre a Marinha do Brasil (MB), o Minist\u00e9rio P\u00fablico Federal (MPF) e o Minist\u00e9rio do Meio Ambiente (MMA), para um Acordo de Coopera\u00e7\u00e3o T\u00e9cnica a fim de estabelecer um compromisso de coopera\u00e7\u00e3o institucional voltado ao combate do problema do lixo marinho e \u00e0 prote\u00e7\u00e3o das \u00e1guas jurisdicionais brasileiras (AJB). No mesmo ano, o MMA lan\u00e7ou o Plano Nacional de Combate ao Lixo no Mar (PNCLM), que representa uma nova estrat\u00e9gia para enfrentar um problema complexo e que depende da atua\u00e7\u00e3o dos governos federal, estaduais e municipais, al\u00e9m do setor produtivo e da sociedade civil organizada.<\/p>\n<p>O Plano Nacional de Combate ao Lixo no Mar \u00e9 composto de um diagn\u00f3stico do problema do lixo no mar no Brasil, valores de refer\u00eancia, situa\u00e7\u00e3o desejada, modelo de governan\u00e7a, eixos de implementa\u00e7\u00e3o, diretrizes, indicadores, plano de a\u00e7\u00e3o e agenda de atividades.<\/p>\n<p>Fonte: <\/p>\n","protected":false},"excerpt":{"rendered":"<p>Em setembro de 2008, um grupo de volunt\u00e1rios na Est\u00f4nia se organizou com o projeto de dedicar um dia \u00e0 limpeza de seu pa\u00eds. Naquele&#8230;<\/p>\n","protected":false},"author":1527,"featured_media":38763,"comment_status":"closed","ping_status":"closed","sticky":false,"template":"","format":"standard","meta":{"footnotes":""},"categories":[6],"tags":[],"class_list":["post-38762","post","type-post","status-publish","format-standard","has-post-thumbnail","hentry","category-noticias"],"_links":{"self":[{"href":"https:\/\/www.sincomam.org.br\/index.php\/wp-json\/wp\/v2\/posts\/38762","targetHints":{"allow":["GET"]}}],"collection":[{"href":"https:\/\/www.sincomam.org.br\/index.php\/wp-json\/wp\/v2\/posts"}],"about":[{"href":"https:\/\/www.sincomam.org.br\/index.php\/wp-json\/wp\/v2\/types\/post"}],"author":[{"embeddable":true,"href":"https:\/\/www.sincomam.org.br\/index.php\/wp-json\/wp\/v2\/users\/1527"}],"replies":[{"embeddable":true,"href":"https:\/\/www.sincomam.org.br\/index.php\/wp-json\/wp\/v2\/comments?post=38762"}],"version-history":[{"count":1,"href":"https:\/\/www.sincomam.org.br\/index.php\/wp-json\/wp\/v2\/posts\/38762\/revisions"}],"predecessor-version":[{"id":38764,"href":"https:\/\/www.sincomam.org.br\/index.php\/wp-json\/wp\/v2\/posts\/38762\/revisions\/38764"}],"wp:featuredmedia":[{"embeddable":true,"href":"https:\/\/www.sincomam.org.br\/index.php\/wp-json\/wp\/v2\/media\/38763"}],"wp:attachment":[{"href":"https:\/\/www.sincomam.org.br\/index.php\/wp-json\/wp\/v2\/media?parent=38762"}],"wp:term":[{"taxonomy":"category","embeddable":true,"href":"https:\/\/www.sincomam.org.br\/index.php\/wp-json\/wp\/v2\/categories?post=38762"},{"taxonomy":"post_tag","embeddable":true,"href":"https:\/\/www.sincomam.org.br\/index.php\/wp-json\/wp\/v2\/tags?post=38762"}],"curies":[{"name":"wp","href":"https:\/\/api.w.org\/{rel}","templated":true}]}}