{"id":38759,"date":"2022-04-14T10:51:47","date_gmt":"2022-04-14T13:51:47","guid":{"rendered":"http:\/\/www.sincomam.org.br\/?p=38759"},"modified":"2022-04-14T10:51:47","modified_gmt":"2022-04-14T13:51:47","slug":"militares-concluem-estagio-de-tripulantes-de-embarcacoes","status":"publish","type":"post","link":"https:\/\/www.sincomam.org.br\/index.php\/militares-concluem-estagio-de-tripulantes-de-embarcacoes\/","title":{"rendered":"Militares concluem Est\u00e1gio de Tripulantes de Embarca\u00e7\u00f5es"},"content":{"rendered":"<p>Em 8 de abril, ocorreu a breveta\u00e7\u00e3o e a entrega de certificados aos concludentes do Est\u00e1gio de Tripulantes de Embarca\u00e7\u00f5es (2022\/2), no sal\u00e3o das placas do Centro de Embarca\u00e7\u00f5es do Comando Militar da Amaz\u00f4nia (CECMA).<\/p>\n<p>Conclu\u00edram o Est\u00e1gio de Tripulantes de Embarca\u00e7\u00f5es 32 militares das organiza\u00e7\u00f5es militares subordinadas ao Comando Militar da Amaz\u00f4nia (CMA). Durante duas semanas, os alunos receberam instru\u00e7\u00f5es te\u00f3ricas e pr\u00e1ticas, que os habilitaram ao emprego nas miss\u00f5es de transporte fluvial na Amaz\u00f4nia Ocidental.<\/p>\n<p>Os alunos recebem instru\u00e7\u00f5es de militares da Capitania Fluvial da Amaz\u00f4nia Ocidental, Organiza\u00e7\u00e3o Militar Subordinada ao Comando do 9\u00ba Distrito Naval, a fim de capacitar, por meio de aulas te\u00f3ricas e pr\u00e1ticas, a tripularem embarca\u00e7\u00f5es de acordo com as normas de seguran\u00e7a da navega\u00e7\u00e3o fluvial.<\/p>\n<p>O Comandante do CECMA, Tenente-Coronel Anderson Siqueira da Silva, acompanhado do Adjunto de Comando, Subtenente L\u00facio Mauro La Roque Dias, presidiu a solenidade e entregou o brev\u00ea e o diploma ao Segundo-Sargento Marcelo Madeira Perc\u00fa, destaque do est\u00e1gio e orador da turma.<\/p>\n<p>Fonte: Defesa em Foco<\/p>\n","protected":false},"excerpt":{"rendered":"<p>Em 8 de abril, ocorreu a breveta\u00e7\u00e3o e a entrega de certificados aos concludentes do Est\u00e1gio de Tripulantes de Embarca\u00e7\u00f5es (2022\/2), no sal\u00e3o das placas&#8230;<\/p>\n","protected":false},"author":1527,"featured_media":38760,"comment_status":"closed","ping_status":"closed","sticky":false,"template":"","format":"standard","meta":{"footnotes":""},"categories":[6],"tags":[],"class_list":["post-38759","post","type-post","status-publish","format-standard","has-post-thumbnail","hentry","category-noticias"],"_links":{"self":[{"href":"https:\/\/www.sincomam.org.br\/index.php\/wp-json\/wp\/v2\/posts\/38759","targetHints":{"allow":["GET"]}}],"collection":[{"href":"https:\/\/www.sincomam.org.br\/index.php\/wp-json\/wp\/v2\/posts"}],"about":[{"href":"https:\/\/www.sincomam.org.br\/index.php\/wp-json\/wp\/v2\/types\/post"}],"author":[{"embeddable":true,"href":"https:\/\/www.sincomam.org.br\/index.php\/wp-json\/wp\/v2\/users\/1527"}],"replies":[{"embeddable":true,"href":"https:\/\/www.sincomam.org.br\/index.php\/wp-json\/wp\/v2\/comments?post=38759"}],"version-history":[{"count":1,"href":"https:\/\/www.sincomam.org.br\/index.php\/wp-json\/wp\/v2\/posts\/38759\/revisions"}],"predecessor-version":[{"id":38761,"href":"https:\/\/www.sincomam.org.br\/index.php\/wp-json\/wp\/v2\/posts\/38759\/revisions\/38761"}],"wp:featuredmedia":[{"embeddable":true,"href":"https:\/\/www.sincomam.org.br\/index.php\/wp-json\/wp\/v2\/media\/38760"}],"wp:attachment":[{"href":"https:\/\/www.sincomam.org.br\/index.php\/wp-json\/wp\/v2\/media?parent=38759"}],"wp:term":[{"taxonomy":"category","embeddable":true,"href":"https:\/\/www.sincomam.org.br\/index.php\/wp-json\/wp\/v2\/categories?post=38759"},{"taxonomy":"post_tag","embeddable":true,"href":"https:\/\/www.sincomam.org.br\/index.php\/wp-json\/wp\/v2\/tags?post=38759"}],"curies":[{"name":"wp","href":"https:\/\/api.w.org\/{rel}","templated":true}]}}