{"id":38749,"date":"2022-04-14T10:28:02","date_gmt":"2022-04-14T13:28:02","guid":{"rendered":"http:\/\/www.sincomam.org.br\/?p=38749"},"modified":"2022-04-14T10:28:02","modified_gmt":"2022-04-14T13:28:02","slug":"casos-de-sindrome-respiratoria-grave-em-criancas-crescem-diz-fiocruz","status":"publish","type":"post","link":"https:\/\/www.sincomam.org.br\/index.php\/casos-de-sindrome-respiratoria-grave-em-criancas-crescem-diz-fiocruz\/","title":{"rendered":"Casos de s\u00edndrome respirat\u00f3ria grave em crian\u00e7as crescem, diz Fiocruz"},"content":{"rendered":"<p>O boletim Infogripe, divulgado semanalmente pela Funda\u00e7\u00e3o Oswaldo Cruz (Fiocruz), traz um alerta para o aumento dos casos de S\u00edndrome Respirat\u00f3ria Aguda Grave (SRAG) em crian\u00e7as.<img decoding=\"async\" src=\"https:\/\/agenciabrasil.ebc.com.br\/ebc.png?id=1453967&amp;o=node\" \/><img decoding=\"async\" src=\"https:\/\/agenciabrasil.ebc.com.br\/ebc.gif?id=1453967&amp;o=node\" \/><\/p>\n<p>A nova edi\u00e7\u00e3o, disponibilizada\u00a0<span id=\"OBJ_PREFIX_DWT407_com_zimbra_date\" role=\"link\">hoje<\/span>\u00a0(13), no Rio de Janeiro, aponta que as ocorr\u00eancias est\u00e3o ligadas majoritariamente ao v\u00edrus sincicial respirat\u00f3rio (VSR) na faixa et\u00e1ria 0 a 4 anos. J\u00e1 entre as crian\u00e7as de 5 a 11 anos, os casos decorrem principalmente da covid-19 e das infec\u00e7\u00f5es com o rinov\u00edrus.<\/p>\n<p>A S\u00edndrome Respirat\u00f3ria \u00e9 uma complica\u00e7\u00e3o associada muitas vezes ao agravamento de alguma infec\u00e7\u00e3o viral. O paciente pode apresentar desconforto respirat\u00f3rio e queda no n\u00edvel de satura\u00e7\u00e3o de oxig\u00eanio, entre outros sintomas.<\/p>\n<p>O novo boletim re\u00fane dados da semana epidemiol\u00f3gica que vai do dia 3 ao dia\u00a0<span id=\"OBJ_PREFIX_DWT408_com_zimbra_date\" role=\"link\">9 de abril<\/span>. O levantamento leva em conta notifica\u00e7\u00f5es registradas no Sivep-gripe, sistema de informa\u00e7\u00e3o mantido pelo Minist\u00e9rio de Sa\u00fade e alimentado por estados e munic\u00edpios.<\/p>\n<p>Segundo a Fiocruz, as ocorr\u00eancias em crian\u00e7as est\u00e3o com sinal de ascens\u00e3o significativa em diversos estados desde fevereiro. No entanto, a curva de casos indica a poss\u00edvel forma\u00e7\u00e3o de um plat\u00f4, isto \u00e9, um quadro de estabiliza\u00e7\u00e3o dos n\u00edveis altos.<\/p>\n<h2>Expans\u00e3o<\/h2>\n<p>As notifica\u00e7\u00f5es de SRAG no pa\u00eds aumentaram nos \u00faltimos anos em decorr\u00eancia da pandemia de covid-19. Em 2020, a dissemina\u00e7\u00e3o da doen\u00e7a chegou a responder por 97% dos casos com resultado laboratorial positivo para algum v\u00edrus respirat\u00f3rio. Esse percentual atualmente \u00e9 menor: em 2022, 86,1% das ocorr\u00eancias est\u00e3o associadas \u00e0 covid-19.<\/p>\n<p>No recorte das \u00faltimas quatro semanas, a covid-19 foi relacionada com 41,6% das notifica\u00e7\u00f5es. Nesse mesmo per\u00edodo, o VSR contribuiu com 36,7% dos casos. No entanto, quando se observa apenas os quadros que evolu\u00edram para \u00f3bito nessas quatro semanas, 83,4% est\u00e3o relacionados com a covid-19 e apenas 7,4% com o VSR.<\/p>\n<p>Ao todo, foram registradas 22.645 mortes associadas a casos de S\u00edndrome Respirat\u00f3ria Aguda Grave em 2022. O n\u00famero de ocorr\u00eancias no ano \u00e9 de 112.087. Deste total, 55,7% tiveram resultado laboratorial positivo para algum v\u00edrus respirat\u00f3rio.\u00a0<a href=\"http:\/\/agencia.fiocruz.br\/sites\/agencia.fiocruz.br\/files\/u34\/resumo_infogripe_2022_14.pdf\" target=\"_blank\" rel=\"noopener\">A \u00edntegra do boletim<\/a>\u00a0est\u00e1 disponibilizado no portal da Fiocruz.<\/p>\n<h2>Estados<\/h2>\n<p>O levantamento ainda traz uma an\u00e1lise para as pr\u00f3ximas tr\u00eas semanas (curto prazo) e para as pr\u00f3ximas seis semanas (longo prazo). Das 27 unidades federativas, nove registram sinal de crescimento na tend\u00eancia de longo prazo: Acre, Amap\u00e1, Esp\u00edrito Santo, Maranh\u00e3o, Piau\u00ed, Paran\u00e1, Roraima, Rio Grande do Sul e Santa Catarina. Os demais apresentam sinal de queda ou de estabilidade.<\/p>\n<p>&#8220;Em todas as localidades que apresentam algum sinal de crescimento, os dados por faixa et\u00e1ria sugerem tratar-se de cen\u00e1rio restrito \u00e0 popula\u00e7\u00e3o infantil (0 a 11 anos)&#8221;, afirma a Fiocruz. Mesmo nos estados onde n\u00e3o h\u00e1 sinal de crescimento\u00a0para a popula\u00e7\u00e3o em geral, \u00e9 poss\u00edvel observar um aumento de casos entre crian\u00e7as.<\/p>\n<p>Fonte: Ag\u00eancia Brasil<\/p>\n","protected":false},"excerpt":{"rendered":"<p>O boletim Infogripe, divulgado semanalmente pela Funda\u00e7\u00e3o Oswaldo Cruz (Fiocruz), traz um alerta para o aumento dos casos de S\u00edndrome Respirat\u00f3ria Aguda Grave (SRAG) em&#8230;<\/p>\n","protected":false},"author":1527,"featured_media":38750,"comment_status":"closed","ping_status":"closed","sticky":false,"template":"","format":"standard","meta":{"footnotes":""},"categories":[6],"tags":[],"class_list":["post-38749","post","type-post","status-publish","format-standard","has-post-thumbnail","hentry","category-noticias"],"_links":{"self":[{"href":"https:\/\/www.sincomam.org.br\/index.php\/wp-json\/wp\/v2\/posts\/38749","targetHints":{"allow":["GET"]}}],"collection":[{"href":"https:\/\/www.sincomam.org.br\/index.php\/wp-json\/wp\/v2\/posts"}],"about":[{"href":"https:\/\/www.sincomam.org.br\/index.php\/wp-json\/wp\/v2\/types\/post"}],"author":[{"embeddable":true,"href":"https:\/\/www.sincomam.org.br\/index.php\/wp-json\/wp\/v2\/users\/1527"}],"replies":[{"embeddable":true,"href":"https:\/\/www.sincomam.org.br\/index.php\/wp-json\/wp\/v2\/comments?post=38749"}],"version-history":[{"count":1,"href":"https:\/\/www.sincomam.org.br\/index.php\/wp-json\/wp\/v2\/posts\/38749\/revisions"}],"predecessor-version":[{"id":38751,"href":"https:\/\/www.sincomam.org.br\/index.php\/wp-json\/wp\/v2\/posts\/38749\/revisions\/38751"}],"wp:featuredmedia":[{"embeddable":true,"href":"https:\/\/www.sincomam.org.br\/index.php\/wp-json\/wp\/v2\/media\/38750"}],"wp:attachment":[{"href":"https:\/\/www.sincomam.org.br\/index.php\/wp-json\/wp\/v2\/media?parent=38749"}],"wp:term":[{"taxonomy":"category","embeddable":true,"href":"https:\/\/www.sincomam.org.br\/index.php\/wp-json\/wp\/v2\/categories?post=38749"},{"taxonomy":"post_tag","embeddable":true,"href":"https:\/\/www.sincomam.org.br\/index.php\/wp-json\/wp\/v2\/tags?post=38749"}],"curies":[{"name":"wp","href":"https:\/\/api.w.org\/{rel}","templated":true}]}}