{"id":38743,"date":"2022-04-13T11:04:47","date_gmt":"2022-04-13T14:04:47","guid":{"rendered":"http:\/\/www.sincomam.org.br\/?p=38743"},"modified":"2022-04-13T11:04:47","modified_gmt":"2022-04-13T14:04:47","slug":"comitiva-de-brasilia-realiza-visita-tecnica-ao-porto-de-itajai-e-complexo-portuario","status":"publish","type":"post","link":"https:\/\/www.sincomam.org.br\/index.php\/comitiva-de-brasilia-realiza-visita-tecnica-ao-porto-de-itajai-e-complexo-portuario\/","title":{"rendered":"COMITIVA DE BRAS\u00cdLIA REALIZA VISITA T\u00c9CNICA AO PORTO DE ITAJA\u00cd E COMPLEXO PORTU\u00c1RIO"},"content":{"rendered":"<p>Na manh\u00e3 desta segunda-feira (11), ocorreu um encontro com parlamentares de Bras\u00edlia, na sede do Audit\u00f3rio da Superintend\u00eancia do Porto de Itaja\u00ed (Autoridade Portu\u00e1ria).<\/p>\n<p>Este encontro objetivou a coletividade de informa\u00e7\u00f5es e argumentos visando ao deferimento, da prorroga\u00e7\u00e3o do prazo de vig\u00eancia do Conv\u00eanio de Delega\u00e7\u00e3o 08\/1997 por mais 25 anos.<\/p>\n<p>&nbsp;<\/p>\n<p>Na programa\u00e7\u00e3o realizada, houve a apresenta\u00e7\u00e3o das instala\u00e7\u00f5es, visita t\u00e9cnica \u00e0 APMT, sede da empresa arrendat\u00e1ria e respons\u00e1vel pelas opera\u00e7\u00f5es nos ber\u00e7os 01 e 02 do Porto de Itaja\u00ed, canal de acesso aquavi\u00e1rio e visita ao munic\u00edpio vizinho de Navegantes, no TUP Portonave.<\/p>\n<p>Estiveram presentes:\u00a0<b>Diogo Piloni<\/b>, Secret\u00e1rio Nacional de Portos e Transportes Aquavi\u00e1rios (SNPTA\/MINFRA),\u00a0<b>Fernando Correa dos Santos<\/b>, Coordenador de Estrutura\u00e7\u00e3o de Projetos (EPL),\u00a0<b>Conrado da Silveira Frezza<\/b>, Assessor T\u00e9cnico (EPL),\u00a0<b>Marcelo Caldas<\/b>, Diretor de Gest\u00e3o (EPL),\u00a0<b>Guilherme Moraes<\/b>, Assessor T\u00e9cnico (EPL),\u00a0<b>Caroline Maiara de Jesus,\u00a0<\/b>Coordenadora de Meio Ambiente (EPL),\u00a0<b>Bruno Martinello Lima<\/b>, Secret\u00e1rio da Seinfra Porto Ferrovia (TCU),\u00a0<b>Luiz Antonio Vidal Fragoso Junior<\/b>, Diretor (TCU),\u00a0<b>Jos\u00e9 Amylton Torresan Junior<\/b>,\u00a0<b>Marcelo Moraes Rodrigues<\/b>,\u00a0<b>Ricardo de Abreu Resende<\/b>,\u00a0<b>Vladimir de Almeida Baleeiro<\/b>, Coordenador (SFPP\/MINFRA),\u00a0<b>Ana Bonfim,\u00a0<\/b>Diretora de Programa \u2013 Substituta (SECEX\/MINFRA),\u00a0<b>Daniel Rodrigues Aldigueri<\/b>, Coordenador-Geral de Modelagem de Desestatiza\u00e7\u00f5es (SNPTA\/MINFRA),\u00a0<b>Ciro Marques Arruda<\/b>, Chefe de Divis\u00e3o (SNPTA\/MINFRA),\u00a0<b>Amanda Seabra<\/b>, Diretora de Programa (SPPI\/MEconomia),\u00a0<b>Patr\u00edcia Gravina<\/b>, Assessora Especial de Concess\u00f5es (ANTAQ).<\/p>\n<p>Tamb\u00e9m participaram do encontro servidores da Superintend\u00eancia, o Diretor Geral da APMT,\u00a0<b>Aristides Russi<\/b>, e o Delegado da Capitania dos Portos de Itaja\u00ed,\u00a0<b>Eduardo Rodrigues de Paula<\/b>.<\/p>\n<p>\u201cO porto \u00e9 essencial e fundamental para o munic\u00edpio e regi\u00e3o, \u00e9 nesse sentido que permanecemos com a nossa defesa, frisando a import\u00e2ncia de manter uma autoridade portu\u00e1ria p\u00fablica e municipal. Toda essa rela\u00e7\u00e3o constru\u00edda entre o porto e a cidade, resultou em um grande sucesso, espelhado em diversos segmentos. Os n\u00fameros tem comprovado que n\u00f3s trabalhamos, investimos, alcan\u00e7amos metas e recorde de movimenta\u00e7\u00f5es, e tamb\u00e9m, tem demonstrado toda preocupa\u00e7\u00e3o que n\u00f3s temos com a atividade portu\u00e1ria. O nosso pequeno grande porto, com pouco mais de 1 quilometro, faz milagres em suas opera\u00e7\u00f5es, torando-se um complexo extraordin\u00e1rio\u201d, evidenciou o prefeito de Itaja\u00ed,\u00a0<b>Volnei Morastoni<\/b>.<\/p>\n<p>Na tarde da \u00faltima quinta-feira (07), a Autoridade Portu\u00e1ria, evidenciou novamente a relev\u00e2ncia de manter a gest\u00e3o portu\u00e1ria p\u00fablica e municipal, atrav\u00e9s de uma audi\u00eancia p\u00fablica realizada em modalidade h\u00edbrida. Foi apresentado de forma oficial, um documento \u00e0 Ag\u00eancia Nacional de Transportes Aquavi\u00e1rios (ANTAQ) para a prorroga\u00e7\u00e3o por 35 anos do conv\u00eanio de delega\u00e7\u00e3o ao munic\u00edpio.<\/p>\n<p>A Ag\u00eancia Nacional de Transportes Aquavi\u00e1rios (ANTAQ) informou que, na pr\u00f3xima quarta-feira (13), ser\u00e1 retomada a Audi\u00eancia P\u00fablica, iniciada na \u00faltima quinta-feira (7) para obter contribui\u00e7\u00f5es para o aprimoramento dos documentos relativos \u00e0 concess\u00e3o do Porto de Itaja\u00ed. A sess\u00e3o ser\u00e1 no modelo virtual, com in\u00edcio \u00e0s 9h. Os participantes j\u00e1 cadastrados e que ainda n\u00e3o se manifestaram na audi\u00eancia receber\u00e3o um novo link de acesso \u00e0 sala de reuni\u00e3o criada na plataforma \u201cZoom\u201d. A sess\u00e3o virtual ser\u00e1 transmitida via streaming para a Internet, gravada e disponibilizada no\u00a0canal da ANTAQ no Youtub<strong>e.<\/strong><\/p>\n<p><strong>O Superintendente do Porto de Itaja\u00ed,\u00a0<\/strong><strong>Fabio da Veiga, enfatiza a excel\u00eancia da gest\u00e3o portu\u00e1ria p\u00fablica e municipal ao longo deste per\u00edodo de municipaliza\u00e7\u00e3o, comprovada atrav\u00e9s do munic\u00edpio, relat\u00f3rios mensais de estat\u00edsticas, e premia\u00e7\u00f5es relacionadas a governan\u00e7a:\u00a0<\/strong><\/p>\n<p><strong>\u201cO nosso munic\u00edpio est\u00e1 inserido\u00a0<\/strong>no ranking de 3\u00ba cidade com melhor governan\u00e7a do pa\u00eds pela Connect Smart Cities, 18\u00aa melhor cidade do pa\u00eds, e 6\u00aa nos indicadores de cidades entre 100 e 500 mil habitantes. O atual cen\u00e1rio de movimenta\u00e7\u00f5es, corresponde a um desenvolvimento conjunto, onde abrange reconhecimento nacional voltado a certifica\u00e7\u00f5es, como a\u00a0<b>ISO 37.001<\/b>\u00a0e\u00a0<b>9.001<\/b>. Esses certificados enfatizam a completa capacita\u00e7\u00e3o de mantermos uma gest\u00e3o municipalizada, visto que a preocupa\u00e7\u00e3o em consolidar transpar\u00eancia e efici\u00eancia, est\u00e3o em completa evidencia\u201d, esclarece\u00a0<b>F\u00e1bio<\/b>.<\/p>\n<p><strong>Os \u00edndices apontam que o Porto de Itaja\u00ed, \u00e9 o<\/strong><strong>\u00a0<\/strong>2\u00ba Maior Complexo Portu\u00e1rio do Pa\u00eds em movimenta\u00e7\u00e3o de cargas, e respons\u00e1vel por 60,6% da economia do Estado e 5% da do Pa\u00eds. Ap\u00f3s a municipaliza\u00e7\u00e3o, o complexo portu\u00e1rio de Itaja\u00ed e navegantes, tornou-se o 3\u00ba maior polo log\u00edstico do Brasil, desenvolveu seis novos terminais de uso privado, e foi respons\u00e1vel pela cria\u00e7\u00e3o de mais de 30 dep\u00f3sitos de cont\u00eaineres.<\/p>\n<p>\u201cPrecisamos caminhar para que o nosso setor evolua, estamos buscando, cada um da sua forma, trazer para Itaja\u00ed uma condi\u00e7\u00e3o competitiva maior. As quest\u00f5es apresentadas realmente s\u00e3o relevantes, entendemos com clareza a fun\u00e7\u00e3o desse porto, e a liga\u00e7\u00e3o entre o porto e a cidade, e \u00e9 por isso que temos tantas aberturas para fazer com que haja um processo, que atenda todas essas perspectivas. Estamos procurando esse equil\u00edbrio, porque precisamos caminhar para que o nosso setor evolua\u201d, informou o Secret\u00e1rio Nacional de Portos e Transportes Aquavi\u00e1rios (SNPTA)\u00a0<b>Diogo Piloni<\/b>.<\/p>\n<p>Ao t\u00e9rmino do encontro na sede da Autoridade Portu\u00e1ria, membros da superintend\u00eancia e integrantes da comitiva realizaram um passeio por meio de duas embarca\u00e7\u00f5es e puderam conhecer toda a margem direita e esquerda do Rio Itaja\u00ed A\u00e7u, desde a \u00e1rea da nova Bacia de Evolu\u00e7\u00e3o, pr\u00f3xima ao canal de acesso ao complexo, e tamb\u00e9m fazendo o percurso passando em frente aos demais Tups que comp\u00f5em\u00a0o complexo portu\u00e1rio ao longo do rio.<\/p>\n<p>Na sequ\u00eancia, a comitiva, acompanhada da diretoria da superintend\u00eancia do Porto de Itaja\u00ed, encerrou sua programa\u00e7\u00e3o fazendo uma visita ao Terminal Portu\u00e1rio de Navegantes (Portonave).<\/p>\n<p>&nbsp;<\/p>\n<p>Fonte: Informativo dos Portos<\/p>\n<p><strong>\u00a0<\/strong><\/p>\n","protected":false},"excerpt":{"rendered":"<p>Na manh\u00e3 desta segunda-feira (11), ocorreu um encontro com parlamentares de Bras\u00edlia, na sede do Audit\u00f3rio da Superintend\u00eancia do Porto de Itaja\u00ed (Autoridade Portu\u00e1ria). Este&#8230;<\/p>\n","protected":false},"author":1527,"featured_media":38744,"comment_status":"closed","ping_status":"closed","sticky":false,"template":"","format":"standard","meta":{"footnotes":""},"categories":[6],"tags":[],"class_list":["post-38743","post","type-post","status-publish","format-standard","has-post-thumbnail","hentry","category-noticias"],"_links":{"self":[{"href":"https:\/\/www.sincomam.org.br\/index.php\/wp-json\/wp\/v2\/posts\/38743","targetHints":{"allow":["GET"]}}],"collection":[{"href":"https:\/\/www.sincomam.org.br\/index.php\/wp-json\/wp\/v2\/posts"}],"about":[{"href":"https:\/\/www.sincomam.org.br\/index.php\/wp-json\/wp\/v2\/types\/post"}],"author":[{"embeddable":true,"href":"https:\/\/www.sincomam.org.br\/index.php\/wp-json\/wp\/v2\/users\/1527"}],"replies":[{"embeddable":true,"href":"https:\/\/www.sincomam.org.br\/index.php\/wp-json\/wp\/v2\/comments?post=38743"}],"version-history":[{"count":1,"href":"https:\/\/www.sincomam.org.br\/index.php\/wp-json\/wp\/v2\/posts\/38743\/revisions"}],"predecessor-version":[{"id":38745,"href":"https:\/\/www.sincomam.org.br\/index.php\/wp-json\/wp\/v2\/posts\/38743\/revisions\/38745"}],"wp:featuredmedia":[{"embeddable":true,"href":"https:\/\/www.sincomam.org.br\/index.php\/wp-json\/wp\/v2\/media\/38744"}],"wp:attachment":[{"href":"https:\/\/www.sincomam.org.br\/index.php\/wp-json\/wp\/v2\/media?parent=38743"}],"wp:term":[{"taxonomy":"category","embeddable":true,"href":"https:\/\/www.sincomam.org.br\/index.php\/wp-json\/wp\/v2\/categories?post=38743"},{"taxonomy":"post_tag","embeddable":true,"href":"https:\/\/www.sincomam.org.br\/index.php\/wp-json\/wp\/v2\/tags?post=38743"}],"curies":[{"name":"wp","href":"https:\/\/api.w.org\/{rel}","templated":true}]}}