{"id":38738,"date":"2022-04-13T11:01:24","date_gmt":"2022-04-13T14:01:24","guid":{"rendered":"http:\/\/www.sincomam.org.br\/?p=38738"},"modified":"2022-04-13T11:01:24","modified_gmt":"2022-04-13T14:01:24","slug":"regras-das-aposentadorias-do-inss-2022","status":"publish","type":"post","link":"https:\/\/www.sincomam.org.br\/index.php\/regras-das-aposentadorias-do-inss-2022\/","title":{"rendered":"Regras das aposentadorias do INSS 2022"},"content":{"rendered":"<p data-fetch=\"true\">Para cada tipo de\u00a0aposentadoria\u00a0existem regras diferentes. E se voc\u00ea pretende fazer um planejamento ou est\u00e1 pr\u00f3ximo de se aposentar \u00e9 preciso se atentar a cada uma delas.<\/p>\n<p>Continue conosco e confira quais s\u00e3o os tipos de aposentadoria e suas regras em 2022.<\/p>\n<h2 id=\"h-tipos-de-aposentadorias-pelo-inss\">Tipos de aposentadorias pelo INSS<\/h2>\n<ul>\n<li>Aposentadoria por tempo de contribui\u00e7\u00e3o;<\/li>\n<li>Aposentadoria por idade;<\/li>\n<li>Aposentadoria especial;<\/li>\n<li>Aposentadoria por invalidez;<\/li>\n<li>Aposentadoria por pontos;<\/li>\n<\/ul>\n<p>Agora vamos falar sobre cada uma delas<\/p>\n<h2>Aposentadoria por tempo de contribui\u00e7\u00e3o<\/h2>\n<p data-fetch=\"true\">Essa aposentadoria n\u00e3o existe mais ap\u00f3s a Reforma da Previd\u00eancia.\u00a0Por\u00e9m para aqueles trabalhadores que iniciarem suas contribui\u00e7\u00f5es antes da aprova\u00e7\u00e3o da reforma podem se encaixar nas regras de transi\u00e7\u00e3o.<\/p>\n<div id=\"jorna-1503214917\" class=\"jorna-conteudo_4\">\n<div><\/div>\n<\/div>\n<p>As\u00a0regras de transi\u00e7\u00e3o\u00a0s\u00e3o como um meio termo entre a regra antiga e a regra nova, elas foram criadas para n\u00e3o prejudicar aqueles trabalhadores que\u00a0n\u00e3o cumpriram todos os requisitos para obter o benef\u00edcio previdenci\u00e1rio de acordo com as regras antigas.<\/p>\n<p>Regra:\u00a0<strong>Ped\u00e1gio 50%<\/strong><\/p>\n<div id=\"jorna-372923238\" class=\"jorna-amp-4\"><\/div>\n<p>Essa regra v\u00e1lida para as pessoas que faltavam menos de dois anos de contribui\u00e7\u00e3o para se aposentar<\/p>\n<ul>\n<li>Homens\n<ul>\n<li>33 anos de contribui\u00e7\u00e3o at\u00e9 a vig\u00eancia da Reforma;<\/li>\n<li>per\u00edodo adicional correspondente a 50% do tempo que, na data de entrada em vigor da reforma, faltaria para atingir 35 anos de contribui\u00e7\u00e3o.<\/li>\n<\/ul>\n<\/li>\n<li>Mulheres\n<ul>\n<li>28 anos de contribui\u00e7\u00e3o at\u00e9 a vig\u00eancia da Reforma;<\/li>\n<li>per\u00edodo adicional correspondente a 50% do tempo que, na data de entrada em vigor da\u00a0reforma, faltaria para atingir 30 anos de contribui\u00e7\u00e3o.<\/li>\n<\/ul>\n<\/li>\n<\/ul>\n<div id=\"jorna-1486105445\" class=\"jorna-amp-teads\">\n<div><\/div>\n<\/div>\n<p>Regra:\u00a0<strong>Ped\u00e1gio 100%<\/strong><\/p>\n<ul>\n<li>Homens\n<ul>\n<li>35 anos de tempo de contribui\u00e7\u00e3o;<\/li>\n<li>60 anos de idade<\/li>\n<li>cumprir o per\u00edodo adicional correspondente ao tempo que, na data de entrada em vigor da reforma, faltaria para atingir 35 anos de contribui\u00e7\u00e3o.<\/li>\n<\/ul>\n<\/li>\n<li>Mulheres\n<ul>\n<li>30 anos de tempo de contribui\u00e7\u00e3o;<\/li>\n<li>57 anos de idade;<\/li>\n<li>cumprir o per\u00edodo adicional correspondente ao tempo que, na data de entrada em vigor da reforma, faltaria para atingir 30 anos de contribui\u00e7\u00e3o.<\/li>\n<\/ul>\n<\/li>\n<\/ul>\n<p>Regra:\u00a0<strong>Idade Progressiva<\/strong><\/p>\n<div id=\"jorna-1201259359\" class=\"jorna-conteudo-4\"><\/div>\n<ul>\n<li>Homens\n<ul>\n<li>35 anos de contribui\u00e7\u00e3o;<\/li>\n<li>62 anos e 6 meses em 2022;<\/li>\n<li>o limite \u00e9 65 anos, que vai ser a idade m\u00ednima para homens em 2027.<\/li>\n<\/ul>\n<\/li>\n<li>Mulheres\n<ul>\n<li>30 anos de contribui\u00e7\u00e3o;<\/li>\n<li>57 anos e 6 meses em 2022;<\/li>\n<li>o limite \u00e9 62 anos, que vai ser a idade m\u00ednima para mulheres em 2031.<\/li>\n<\/ul>\n<\/li>\n<\/ul>\n<h2>Aposentadoria por idade<\/h2>\n<p><strong>Requisitos:<\/strong><\/p>\n<ul>\n<li><strong>Homens<\/strong>\n<ul>\n<li>65 anos de idade;<\/li>\n<li>15 anos de tempo de contribui\u00e7\u00e3o.<\/li>\n<\/ul>\n<\/li>\n<li><strong>Mulheres<\/strong>\n<ul>\n<li>61 anos e 6 meses de idade;<\/li>\n<li>15 anos de tempo de contribui\u00e7\u00e3o.<\/li>\n<\/ul>\n<\/li>\n<\/ul>\n<h2>Aposentadoria especial<\/h2>\n<p data-fetch=\"true\">Para se aposentar nesta categoria \u00e9 preciso cumprir os seguintes requisitos:<\/p>\n<div id=\"jorna-1903476419\" class=\"jorna-amp-5\"><\/div>\n<ul>\n<li>86 pontos + 25 anos de atividade especial, para trabalhos de menor risco<\/li>\n<li>76 pontos + 20 anos de atividade especial, para trabalhos de m\u00e9dio risco<\/li>\n<li>66 pontos + 15 anos de atividade especial, para trabalhos de alto risco<\/li>\n<\/ul>\n<h2>Aposentadoria por invalidez<\/h2>\n<p>A\u00a0aposentadoria por invalidez\u00a0\u00e9 concedida quando o segurado sofre uma\u00a0incapacidade permanente ou total para a sua atividade laboral.<\/p>\n<p>As regras para a aposentadoria por invalidez s\u00e3o:<\/p>\n<ul>\n<li>J\u00e1 estar afastado por aux\u00edlio doen\u00e7a pela per\u00edcia m\u00e9dica do INSS;<\/li>\n<li>Comprovar doen\u00e7a ou acidente que o torna incapaz de retornar ao trabalho sem previs\u00e3o;<\/li>\n<li>12 meses de contribui\u00e7\u00e3o \u00e0 Previd\u00eancia Social.<\/li>\n<\/ul>\n<h2>Aposentadoria por pontos<\/h2>\n<div id=\"P_JORNAL_CONTABIL_INTEXT_04_0\" data-premium=\"\" data-adunit=\"JORNAL_CONTABIL_INTEXT_04\" data-sizes-mobile=\"[[336,280],[300,250],[2,2]]\" data-sizes-desktop=\"[[336,280],[300,250],[2,2]]\" data-type=\"intext\" data-fetch=\"true\" data-google-query-id=\"COS456iZkfcCFZcFuQYd9f8Czg\">\n<p data-fetch=\"true\">Para ter direito a se aposentar por pontos \u00e9 preciso que voc\u00ea cumpra os seguintes requisitos:<\/p>\n<ul>\n<li><strong>Homens<\/strong>\n<ul>\n<li>35 anos de tempo de contribui\u00e7\u00e3o;<\/li>\n<li>99 pontos (soma da sua idade e seu tempo de contribui\u00e7\u00e3o).<\/li>\n<\/ul>\n<\/li>\n<li><strong>Mulheres<\/strong>\n<ul>\n<li>30 anos de tempo de contribui\u00e7\u00e3o;<\/li>\n<li>89 pontos (soma da sua idade e seu tempo de contribui\u00e7\u00e3o).<\/li>\n<\/ul>\n<\/li>\n<\/ul>\n<\/div>\n<div data-premium=\"\" data-adunit=\"JORNAL_CONTABIL_INTEXT_05\" data-sizes-mobile=\"[[336,280],[300,250],[2,2]]\" data-sizes-desktop=\"[[336,280],[300,250],[2,2]]\" data-type=\"intext\" data-fetch=\"true\" data-google-query-id=\"CNS3uMWZkfcCFREF1AodtREDPA\">Fonte: Jornal Cont\u00e1bil<\/div>\n","protected":false},"excerpt":{"rendered":"<p>Para cada tipo de\u00a0aposentadoria\u00a0existem regras diferentes. E se voc\u00ea pretende fazer um planejamento ou est\u00e1 pr\u00f3ximo de se aposentar \u00e9 preciso se atentar a cada&#8230;<\/p>\n","protected":false},"author":1527,"featured_media":31792,"comment_status":"closed","ping_status":"closed","sticky":false,"template":"","format":"standard","meta":{"footnotes":""},"categories":[6],"tags":[],"class_list":["post-38738","post","type-post","status-publish","format-standard","has-post-thumbnail","hentry","category-noticias"],"_links":{"self":[{"href":"https:\/\/www.sincomam.org.br\/index.php\/wp-json\/wp\/v2\/posts\/38738","targetHints":{"allow":["GET"]}}],"collection":[{"href":"https:\/\/www.sincomam.org.br\/index.php\/wp-json\/wp\/v2\/posts"}],"about":[{"href":"https:\/\/www.sincomam.org.br\/index.php\/wp-json\/wp\/v2\/types\/post"}],"author":[{"embeddable":true,"href":"https:\/\/www.sincomam.org.br\/index.php\/wp-json\/wp\/v2\/users\/1527"}],"replies":[{"embeddable":true,"href":"https:\/\/www.sincomam.org.br\/index.php\/wp-json\/wp\/v2\/comments?post=38738"}],"version-history":[{"count":1,"href":"https:\/\/www.sincomam.org.br\/index.php\/wp-json\/wp\/v2\/posts\/38738\/revisions"}],"predecessor-version":[{"id":38739,"href":"https:\/\/www.sincomam.org.br\/index.php\/wp-json\/wp\/v2\/posts\/38738\/revisions\/38739"}],"wp:featuredmedia":[{"embeddable":true,"href":"https:\/\/www.sincomam.org.br\/index.php\/wp-json\/wp\/v2\/media\/31792"}],"wp:attachment":[{"href":"https:\/\/www.sincomam.org.br\/index.php\/wp-json\/wp\/v2\/media?parent=38738"}],"wp:term":[{"taxonomy":"category","embeddable":true,"href":"https:\/\/www.sincomam.org.br\/index.php\/wp-json\/wp\/v2\/categories?post=38738"},{"taxonomy":"post_tag","embeddable":true,"href":"https:\/\/www.sincomam.org.br\/index.php\/wp-json\/wp\/v2\/tags?post=38738"}],"curies":[{"name":"wp","href":"https:\/\/api.w.org\/{rel}","templated":true}]}}