{"id":38732,"date":"2022-04-13T10:54:36","date_gmt":"2022-04-13T13:54:36","guid":{"rendered":"http:\/\/www.sincomam.org.br\/?p=38732"},"modified":"2022-04-13T10:54:36","modified_gmt":"2022-04-13T13:54:36","slug":"bancos-nao-abrem-na-sexta-feira-santa-e-nem-no-feriado-de-tiradentes","status":"publish","type":"post","link":"https:\/\/www.sincomam.org.br\/index.php\/bancos-nao-abrem-na-sexta-feira-santa-e-nem-no-feriado-de-tiradentes\/","title":{"rendered":"Bancos n\u00e3o abrem na Sexta-feira Santa e nem no feriado de Tiradentes"},"content":{"rendered":"<p>Os bancos de todo o pa\u00eds n\u00e3o v\u00e3o abrir na Sexta-Feira Santa, dia 15 de abril, nem no feriado de Tiradentes, no dia 21.<\/p>\n<p>A informa\u00e7\u00e3o foi antecipada pela Febraban, Federa\u00e7\u00e3o Nacional dos Bancos, para que a popula\u00e7\u00e3o possa se planejar e n\u00e3o ser pega de surpresa com o fechamento das ag\u00eancias.<\/p>\n<p>Apesar de o feriado de Tiradentes cair em uma quinta-feira, os bancos n\u00e3o v\u00e3o fazer feriado prolongado. Isso significa que na sexta-feira, dia 22 de abril, as ag\u00eancias v\u00e3o funcionar para atendimento ao p\u00fablico.<\/p>\n<p>A federa\u00e7\u00e3o informou, ainda, que os servi\u00e7os de atendimento pela internet, por telefone e pelos aplicativos de celular v\u00e3o continuar funcionando. A Febraban ressaltou que essas formas de atendimento oferecem praticamente a totalidade das transa\u00e7\u00f5es financeiras do sistema banc\u00e1rio.<\/p>\n<p>Fonte: Ag\u00eancia Brasil<\/p>\n","protected":false},"excerpt":{"rendered":"<p>Os bancos de todo o pa\u00eds n\u00e3o v\u00e3o abrir na Sexta-Feira Santa, dia 15 de abril, nem no feriado de Tiradentes, no dia 21. A&#8230;<\/p>\n","protected":false},"author":1527,"featured_media":33129,"comment_status":"closed","ping_status":"closed","sticky":false,"template":"","format":"standard","meta":{"footnotes":""},"categories":[6],"tags":[],"class_list":["post-38732","post","type-post","status-publish","format-standard","has-post-thumbnail","hentry","category-noticias"],"_links":{"self":[{"href":"https:\/\/www.sincomam.org.br\/index.php\/wp-json\/wp\/v2\/posts\/38732","targetHints":{"allow":["GET"]}}],"collection":[{"href":"https:\/\/www.sincomam.org.br\/index.php\/wp-json\/wp\/v2\/posts"}],"about":[{"href":"https:\/\/www.sincomam.org.br\/index.php\/wp-json\/wp\/v2\/types\/post"}],"author":[{"embeddable":true,"href":"https:\/\/www.sincomam.org.br\/index.php\/wp-json\/wp\/v2\/users\/1527"}],"replies":[{"embeddable":true,"href":"https:\/\/www.sincomam.org.br\/index.php\/wp-json\/wp\/v2\/comments?post=38732"}],"version-history":[{"count":1,"href":"https:\/\/www.sincomam.org.br\/index.php\/wp-json\/wp\/v2\/posts\/38732\/revisions"}],"predecessor-version":[{"id":38733,"href":"https:\/\/www.sincomam.org.br\/index.php\/wp-json\/wp\/v2\/posts\/38732\/revisions\/38733"}],"wp:featuredmedia":[{"embeddable":true,"href":"https:\/\/www.sincomam.org.br\/index.php\/wp-json\/wp\/v2\/media\/33129"}],"wp:attachment":[{"href":"https:\/\/www.sincomam.org.br\/index.php\/wp-json\/wp\/v2\/media?parent=38732"}],"wp:term":[{"taxonomy":"category","embeddable":true,"href":"https:\/\/www.sincomam.org.br\/index.php\/wp-json\/wp\/v2\/categories?post=38732"},{"taxonomy":"post_tag","embeddable":true,"href":"https:\/\/www.sincomam.org.br\/index.php\/wp-json\/wp\/v2\/tags?post=38732"}],"curies":[{"name":"wp","href":"https:\/\/api.w.org\/{rel}","templated":true}]}}