{"id":38726,"date":"2022-04-13T10:51:42","date_gmt":"2022-04-13T13:51:42","guid":{"rendered":"http:\/\/www.sincomam.org.br\/?p=38726"},"modified":"2022-04-13T10:57:40","modified_gmt":"2022-04-13T13:57:40","slug":"paralisacao-impede-aprovacao-de-us-50-milhoes-em-operacoes-de-comercio-exterior-diz-associacao","status":"publish","type":"post","link":"https:\/\/www.sincomam.org.br\/index.php\/paralisacao-impede-aprovacao-de-us-50-milhoes-em-operacoes-de-comercio-exterior-diz-associacao\/","title":{"rendered":"Paralisa\u00e7\u00e3o impede aprova\u00e7\u00e3o de US$ 50 milh\u00f5es em opera\u00e7\u00f5es de com\u00e9rcio exterior, diz associa\u00e7\u00e3o"},"content":{"rendered":"<p>As paralisa\u00e7\u00f5es realizadas nesta segunda-feira (11) por analistas de com\u00e9rcio exterior do governo federal impediram a aprova\u00e7\u00e3o \u201cde opera\u00e7\u00f5es com soma superior a 50 milh\u00f5es de d\u00f3lares\u201d. O dado faz parte de balan\u00e7o divulgado na manh\u00e3 desta ter\u00e7a-feira pela Associa\u00e7\u00e3o de Analistas de Com\u00e9rcio Exterior (Aace).<\/p>\n<p>Ao todo, foram realizadas ontem tr\u00eas paralisa\u00e7\u00f5es de meio per\u00edodo, aprovadas por unanimidade na semana passada. Os analistas de com\u00e9rcio exterior fazem parte de uma lista de categorias do funcionalismo p\u00fablico que reivindicam reajustes salariais.<br \/>\nNo comunicado, a Aace tamb\u00e9m diz que \u201cpela primeira vez, os dados semanais da balan\u00e7a comercial foram divulgados apenas no per\u00edodo noturno\u201d.<\/p>\n<p>\u201cCom a paralisa\u00e7\u00e3o, foram tamb\u00e9m canceladas diversas reuni\u00f5es de trabalho para negocia\u00e7\u00e3o de acordos comerciais e gest\u00e3o de projetos, al\u00e9m de adiadas entregas de pol\u00edticas p\u00fablicas conduzidas pelos servidores da carreira em atua\u00e7\u00e3o na Secretaria de Com\u00e9rcio Exterior, na Secretaria-Executiva da Camex e na Secretaria de Desenvolvimento da Ind\u00fastria, Com\u00e9rcio, Servi\u00e7os e Inova\u00e7\u00e3o\u201d, diz a nota.<br \/>\nA Aace lembra ainda que ser\u00e3o realizadas paralisa\u00e7\u00f5es na segunda-feira e na quarta-feira da semana que vem, quando tamb\u00e9m \u201cser\u00e3o discutidas novas medidas\u201d se n\u00e3o houver \u201cavan\u00e7o nas tratativas com os representantes do governo federal\u201d.<\/p>\n<p>Fonte: Valor<\/p>\n","protected":false},"excerpt":{"rendered":"<p>As paralisa\u00e7\u00f5es realizadas nesta segunda-feira (11) por analistas de com\u00e9rcio exterior do governo federal impediram a aprova\u00e7\u00e3o \u201cde opera\u00e7\u00f5es com soma superior a 50 milh\u00f5es&#8230;<\/p>\n","protected":false},"author":1527,"featured_media":38724,"comment_status":"closed","ping_status":"closed","sticky":false,"template":"","format":"standard","meta":{"footnotes":""},"categories":[6],"tags":[],"class_list":["post-38726","post","type-post","status-publish","format-standard","has-post-thumbnail","hentry","category-noticias"],"_links":{"self":[{"href":"https:\/\/www.sincomam.org.br\/index.php\/wp-json\/wp\/v2\/posts\/38726","targetHints":{"allow":["GET"]}}],"collection":[{"href":"https:\/\/www.sincomam.org.br\/index.php\/wp-json\/wp\/v2\/posts"}],"about":[{"href":"https:\/\/www.sincomam.org.br\/index.php\/wp-json\/wp\/v2\/types\/post"}],"author":[{"embeddable":true,"href":"https:\/\/www.sincomam.org.br\/index.php\/wp-json\/wp\/v2\/users\/1527"}],"replies":[{"embeddable":true,"href":"https:\/\/www.sincomam.org.br\/index.php\/wp-json\/wp\/v2\/comments?post=38726"}],"version-history":[{"count":1,"href":"https:\/\/www.sincomam.org.br\/index.php\/wp-json\/wp\/v2\/posts\/38726\/revisions"}],"predecessor-version":[{"id":38728,"href":"https:\/\/www.sincomam.org.br\/index.php\/wp-json\/wp\/v2\/posts\/38726\/revisions\/38728"}],"wp:featuredmedia":[{"embeddable":true,"href":"https:\/\/www.sincomam.org.br\/index.php\/wp-json\/wp\/v2\/media\/38724"}],"wp:attachment":[{"href":"https:\/\/www.sincomam.org.br\/index.php\/wp-json\/wp\/v2\/media?parent=38726"}],"wp:term":[{"taxonomy":"category","embeddable":true,"href":"https:\/\/www.sincomam.org.br\/index.php\/wp-json\/wp\/v2\/categories?post=38726"},{"taxonomy":"post_tag","embeddable":true,"href":"https:\/\/www.sincomam.org.br\/index.php\/wp-json\/wp\/v2\/tags?post=38726"}],"curies":[{"name":"wp","href":"https:\/\/api.w.org\/{rel}","templated":true}]}}