{"id":38693,"date":"2022-04-11T10:26:36","date_gmt":"2022-04-11T13:26:36","guid":{"rendered":"http:\/\/www.sincomam.org.br\/?p=38693"},"modified":"2022-04-11T10:26:36","modified_gmt":"2022-04-11T13:26:36","slug":"rio-inicia-vacinacao-contra-gripe-de-pessoas-a-partir-de-60-anos","status":"publish","type":"post","link":"https:\/\/www.sincomam.org.br\/index.php\/rio-inicia-vacinacao-contra-gripe-de-pessoas-a-partir-de-60-anos\/","title":{"rendered":"Rio inicia vacina\u00e7\u00e3o contra gripe de pessoas a partir de 60 anos"},"content":{"rendered":"<p>A cidade do Rio de Janeiro inicia hoje (11) a vacina\u00e7\u00e3o contra a gripe para pessoas com 60 anos ou mais. Essa faixa et\u00e1ria ser\u00e1 imunizada at\u00e9 30 de abril, segundo a Secretaria Municipal de Sa\u00fade.<img decoding=\"async\" src=\"https:\/\/agenciabrasil.ebc.com.br\/ebc.png?id=1453337&amp;o=node\" \/><img decoding=\"async\" src=\"https:\/\/agenciabrasil.ebc.com.br\/ebc.gif?id=1453337&amp;o=node\" \/><\/p>\n<p>Inicialmente, a previs\u00e3o era vacinar esta semana os idosos com 70 anos ou mais. As pessoas com mais de 60 anos s\u00f3 seriam imunizadas na \u00faltima semana de abril, mas o munic\u00edpio decidiu antecipar o calend\u00e1rio.<\/p>\n<p>Tamb\u00e9m ser\u00e3o imunizados a partir de hoje os trabalhadores de sa\u00fade de qualquer idade. A campanha de vacina\u00e7\u00e3o come\u00e7ou na semana passada, atendendo pessoas com 80 anos ou mais e profissionais de sa\u00fade idosos.<\/p>\n<p>A meta \u00e9 vacinar, at\u00e9 3 de junho, 1,8 milh\u00e3o de pessoas na cidade, ou 90% da popula\u00e7\u00e3o dos grupos priorit\u00e1rios, que incluem, al\u00e9m de idosos e profissionais de sa\u00fade, crian\u00e7as de 6 meses a 5 anos, gestantes, pu\u00e9rperas, lactantes, pessoas com defici\u00eancia, ind\u00edgenas, doentes cr\u00f4nicos, presos e trabalhadores da educa\u00e7\u00e3o, sistema penitenci\u00e1rio, portos, seguran\u00e7a, transporte de passageiros e cargas e integrantes das for\u00e7as armadas.<\/p>\n<p>Fonte: Ag\u00eancia Brasil<\/p>\n","protected":false},"excerpt":{"rendered":"<p>A cidade do Rio de Janeiro inicia hoje (11) a vacina\u00e7\u00e3o contra a gripe para pessoas com 60 anos ou mais. Essa faixa et\u00e1ria ser\u00e1&#8230;<\/p>\n","protected":false},"author":1527,"featured_media":38694,"comment_status":"closed","ping_status":"closed","sticky":false,"template":"","format":"standard","meta":{"footnotes":""},"categories":[6],"tags":[],"class_list":["post-38693","post","type-post","status-publish","format-standard","has-post-thumbnail","hentry","category-noticias"],"_links":{"self":[{"href":"https:\/\/www.sincomam.org.br\/index.php\/wp-json\/wp\/v2\/posts\/38693","targetHints":{"allow":["GET"]}}],"collection":[{"href":"https:\/\/www.sincomam.org.br\/index.php\/wp-json\/wp\/v2\/posts"}],"about":[{"href":"https:\/\/www.sincomam.org.br\/index.php\/wp-json\/wp\/v2\/types\/post"}],"author":[{"embeddable":true,"href":"https:\/\/www.sincomam.org.br\/index.php\/wp-json\/wp\/v2\/users\/1527"}],"replies":[{"embeddable":true,"href":"https:\/\/www.sincomam.org.br\/index.php\/wp-json\/wp\/v2\/comments?post=38693"}],"version-history":[{"count":1,"href":"https:\/\/www.sincomam.org.br\/index.php\/wp-json\/wp\/v2\/posts\/38693\/revisions"}],"predecessor-version":[{"id":38695,"href":"https:\/\/www.sincomam.org.br\/index.php\/wp-json\/wp\/v2\/posts\/38693\/revisions\/38695"}],"wp:featuredmedia":[{"embeddable":true,"href":"https:\/\/www.sincomam.org.br\/index.php\/wp-json\/wp\/v2\/media\/38694"}],"wp:attachment":[{"href":"https:\/\/www.sincomam.org.br\/index.php\/wp-json\/wp\/v2\/media?parent=38693"}],"wp:term":[{"taxonomy":"category","embeddable":true,"href":"https:\/\/www.sincomam.org.br\/index.php\/wp-json\/wp\/v2\/categories?post=38693"},{"taxonomy":"post_tag","embeddable":true,"href":"https:\/\/www.sincomam.org.br\/index.php\/wp-json\/wp\/v2\/tags?post=38693"}],"curies":[{"name":"wp","href":"https:\/\/api.w.org\/{rel}","templated":true}]}}