{"id":38684,"date":"2022-04-08T09:52:11","date_gmt":"2022-04-08T12:52:11","guid":{"rendered":"http:\/\/www.sincomam.org.br\/?p=38684"},"modified":"2022-04-08T09:52:11","modified_gmt":"2022-04-08T12:52:11","slug":"navio-polar-almirante-maximiano-recebe-visita-do-embaixador-do-brasil-no-uruguai","status":"publish","type":"post","link":"https:\/\/www.sincomam.org.br\/index.php\/navio-polar-almirante-maximiano-recebe-visita-do-embaixador-do-brasil-no-uruguai\/","title":{"rendered":"Navio Polar \u201cAlmirante Maximiano\u201d recebe visita do Embaixador do Brasil no Uruguai"},"content":{"rendered":"<p>O Navio Polar \u201cAlmirante Maximiano\u201d atracou, em 31 de mar\u00e7o, no porto de Montevid\u00e9u, no Uruguai. A atraca\u00e7\u00e3o ocorreu no escopo da 40\u00aa Opera\u00e7\u00e3o \u201cAnt\u00e1rtica\u201d (OPERANTAR XL), e contou com a visita do Embaixador do Brasil no Uruguai, Marcos Leal Raposo Lopes, acompanhado do Representante Permanente do Brasil no Mercosul, Embaixador Ant\u00f4nio Sim\u00f5es.<\/p>\n<div class=\"td-a-rec td-a-rec-id-content_inline td_uid_2_624f42e57ab35_rand td_block_template_11\">\n<p>&nbsp;<\/p>\n<\/div>\n<p>Na ocasi\u00e3o, houve uma reuni\u00e3o com as presen\u00e7as do Comandante da Armada da Rep\u00fablica Oriental do Uruguai, Almirante Jorge Wilson Men\u00e9ndez; e do Presidente do Instituto Ant\u00e1rtico Uruguaio, Brigadeiro Fernando Colina, al\u00e9m de diversas autoridades civis e militares brasileiras e uruguaias.<\/p>\n<p>Durante o evento, foi destacada a capacidade da Marinha do Brasil\u00a0operar em mares austrais; realizar pesquisas cient\u00edficas; e manter presen\u00e7a cont\u00ednua no Continente Ant\u00e1rtico.<\/p>\n<div class=\"td-post-content\">\n<p>Ap\u00f3s um intervalo de dois anos devido \u00e0 pandemia, o comparecimento do Navio Polar \u201cAlmirante Maximiano\u201d e do Navio de Apoio Oceanogr\u00e1fico \u201cAry Rongel\u201d no Uruguai serviu para estreitar os la\u00e7os de coopera\u00e7\u00e3o e amizade entre os pa\u00edses.<\/p>\n<\/div>\n<footer>\n<div class=\"td-post-source-tags\">Fonte: Defesa em Foco<\/div>\n<\/footer>\n","protected":false},"excerpt":{"rendered":"<p>O Navio Polar \u201cAlmirante Maximiano\u201d atracou, em 31 de mar\u00e7o, no porto de Montevid\u00e9u, no Uruguai. A atraca\u00e7\u00e3o ocorreu no escopo da 40\u00aa Opera\u00e7\u00e3o \u201cAnt\u00e1rtica\u201d&#8230;<\/p>\n","protected":false},"author":1527,"featured_media":38685,"comment_status":"closed","ping_status":"closed","sticky":false,"template":"","format":"standard","meta":{"footnotes":""},"categories":[6],"tags":[],"class_list":["post-38684","post","type-post","status-publish","format-standard","has-post-thumbnail","hentry","category-noticias"],"_links":{"self":[{"href":"https:\/\/www.sincomam.org.br\/index.php\/wp-json\/wp\/v2\/posts\/38684","targetHints":{"allow":["GET"]}}],"collection":[{"href":"https:\/\/www.sincomam.org.br\/index.php\/wp-json\/wp\/v2\/posts"}],"about":[{"href":"https:\/\/www.sincomam.org.br\/index.php\/wp-json\/wp\/v2\/types\/post"}],"author":[{"embeddable":true,"href":"https:\/\/www.sincomam.org.br\/index.php\/wp-json\/wp\/v2\/users\/1527"}],"replies":[{"embeddable":true,"href":"https:\/\/www.sincomam.org.br\/index.php\/wp-json\/wp\/v2\/comments?post=38684"}],"version-history":[{"count":1,"href":"https:\/\/www.sincomam.org.br\/index.php\/wp-json\/wp\/v2\/posts\/38684\/revisions"}],"predecessor-version":[{"id":38686,"href":"https:\/\/www.sincomam.org.br\/index.php\/wp-json\/wp\/v2\/posts\/38684\/revisions\/38686"}],"wp:featuredmedia":[{"embeddable":true,"href":"https:\/\/www.sincomam.org.br\/index.php\/wp-json\/wp\/v2\/media\/38685"}],"wp:attachment":[{"href":"https:\/\/www.sincomam.org.br\/index.php\/wp-json\/wp\/v2\/media?parent=38684"}],"wp:term":[{"taxonomy":"category","embeddable":true,"href":"https:\/\/www.sincomam.org.br\/index.php\/wp-json\/wp\/v2\/categories?post=38684"},{"taxonomy":"post_tag","embeddable":true,"href":"https:\/\/www.sincomam.org.br\/index.php\/wp-json\/wp\/v2\/tags?post=38684"}],"curies":[{"name":"wp","href":"https:\/\/api.w.org\/{rel}","templated":true}]}}