{"id":38674,"date":"2022-04-08T09:40:34","date_gmt":"2022-04-08T12:40:34","guid":{"rendered":"http:\/\/www.sincomam.org.br\/?p=38674"},"modified":"2022-04-08T09:40:34","modified_gmt":"2022-04-08T12:40:34","slug":"diretor-geral-da-antaq-faz-apresentacao-sobre-o-setor-portuario-em-conferencia-na-noruega","status":"publish","type":"post","link":"https:\/\/www.sincomam.org.br\/index.php\/diretor-geral-da-antaq-faz-apresentacao-sobre-o-setor-portuario-em-conferencia-na-noruega\/","title":{"rendered":"DIRETOR-GERAL DA ANTAQ FAZ APRESENTA\u00c7\u00c3O SOBRE O SETOR PORTU\u00c1RIO EM CONFER\u00caNCIA NA NORUEGA"},"content":{"rendered":"<p>O diretor-geral da ANTAQ, Eduardo Nery, participou, na ter\u00e7a e quarta-feira, da Confer\u00eancia de Lideran\u00e7a Oce\u00e2nica Nor-Shipping, em Lillestr\u00f8m e em Oslo, na Noruega. Em suas palestras, Nery falou sobre a carteira de investimentos do setor portu\u00e1rio; a vis\u00e3o da Ag\u00eancia acerca da sustentabilidade e da adequa\u00e7\u00e3o dos portos brasileiros \u00e0s novas tend\u00eancias do setor.<\/p>\n<p>Na palestra de ter\u00e7a-feira, o diretor-geral listou alguns n\u00fameros do setor portu\u00e1rio brasileiro, que disp\u00f5e de 203 terminais privados, 36 portos p\u00fablicos, 44 esta\u00e7\u00f5es de transbordo de carga e quatro instala\u00e7\u00f5es portu\u00e1rias de turismo. Detalhou, tamb\u00e9m, a movimenta\u00e7\u00e3o portu\u00e1ria de 2021, que alcan\u00e7ou 1,210 bilh\u00e3o de toneladas, crescimento de 4,8% em rela\u00e7\u00e3o a 2020.<\/p>\n<p>Nery listou, ainda, os leil\u00f5es que a Ag\u00eancia realizou em 2021 e 2022, entre eles os arrendamentos de \u00e1reas nos portos de Itaqui (MA) e Santos (SP). Enalteceu o leil\u00e3o da Companhia Docas do Esp\u00edrito Santo (Codesa), organizado pelo Banco Nacional de Desenvolvimento Econ\u00f4mico e Social (BNDES), um marco hist\u00f3rico para o setor.<\/p>\n<p>Nesta quarta-feira (6), o diretor-geral abordou o papel da ANTAQ como autarquia reguladora, al\u00e9m de ter tratado sobre as perspectivas da ind\u00fastria mar\u00edtima e o potencial coopera\u00e7\u00e3o e troca de experi\u00eancias com a Noruega.<\/p>\n<p><strong>Investimentos<\/strong><\/p>\n<p>Em sua palestra, o diretor-geral da Ag\u00eancia lembrou que o Porto de Santos tamb\u00e9m ser\u00e1 licitado ainda em 2022, o que gerar\u00e1 investimentos de US$ 3,6 bilh\u00f5es. \u201cOs portos de Itaja\u00ed, em Santa Catarina, e de S\u00e3o Sebasti\u00e3o, em S\u00e3o Paulo, tamb\u00e9m ser\u00e3o leiloados. Os investimentos somados alcan\u00e7am US$ 564,6 milh\u00f5es.\u201d<\/p>\n<p>Fonte: Informativo dos Portos<\/p>\n","protected":false},"excerpt":{"rendered":"<p>O diretor-geral da ANTAQ, Eduardo Nery, participou, na ter\u00e7a e quarta-feira, da Confer\u00eancia de Lideran\u00e7a Oce\u00e2nica Nor-Shipping, em Lillestr\u00f8m e em Oslo, na Noruega. Em&#8230;<\/p>\n","protected":false},"author":1527,"featured_media":38675,"comment_status":"closed","ping_status":"closed","sticky":false,"template":"","format":"standard","meta":{"footnotes":""},"categories":[6],"tags":[],"class_list":["post-38674","post","type-post","status-publish","format-standard","has-post-thumbnail","hentry","category-noticias"],"_links":{"self":[{"href":"https:\/\/www.sincomam.org.br\/index.php\/wp-json\/wp\/v2\/posts\/38674","targetHints":{"allow":["GET"]}}],"collection":[{"href":"https:\/\/www.sincomam.org.br\/index.php\/wp-json\/wp\/v2\/posts"}],"about":[{"href":"https:\/\/www.sincomam.org.br\/index.php\/wp-json\/wp\/v2\/types\/post"}],"author":[{"embeddable":true,"href":"https:\/\/www.sincomam.org.br\/index.php\/wp-json\/wp\/v2\/users\/1527"}],"replies":[{"embeddable":true,"href":"https:\/\/www.sincomam.org.br\/index.php\/wp-json\/wp\/v2\/comments?post=38674"}],"version-history":[{"count":1,"href":"https:\/\/www.sincomam.org.br\/index.php\/wp-json\/wp\/v2\/posts\/38674\/revisions"}],"predecessor-version":[{"id":38676,"href":"https:\/\/www.sincomam.org.br\/index.php\/wp-json\/wp\/v2\/posts\/38674\/revisions\/38676"}],"wp:featuredmedia":[{"embeddable":true,"href":"https:\/\/www.sincomam.org.br\/index.php\/wp-json\/wp\/v2\/media\/38675"}],"wp:attachment":[{"href":"https:\/\/www.sincomam.org.br\/index.php\/wp-json\/wp\/v2\/media?parent=38674"}],"wp:term":[{"taxonomy":"category","embeddable":true,"href":"https:\/\/www.sincomam.org.br\/index.php\/wp-json\/wp\/v2\/categories?post=38674"},{"taxonomy":"post_tag","embeddable":true,"href":"https:\/\/www.sincomam.org.br\/index.php\/wp-json\/wp\/v2\/tags?post=38674"}],"curies":[{"name":"wp","href":"https:\/\/api.w.org\/{rel}","templated":true}]}}