{"id":3866,"date":"2014-02-26T10:17:29","date_gmt":"2014-02-26T13:17:29","guid":{"rendered":"http:\/\/www.sincomam.org.br\/?p=3866"},"modified":"2014-02-26T14:27:29","modified_gmt":"2014-02-26T17:27:29","slug":"governo-espera-leiloar-areas-em-portos-no-1o-semestre","status":"publish","type":"post","link":"https:\/\/www.sincomam.org.br\/index.php\/governo-espera-leiloar-areas-em-portos-no-1o-semestre\/","title":{"rendered":"Governo espera leiloar \u00e1reas em portos no 1\u00ba semestre"},"content":{"rendered":"<p><b><i>Licita\u00e7\u00e3o do primeiro bloco, que inclui 29 \u00e1reas no Porto de Santos e em portos do Par\u00e1, deveria ter ocorrido no ano passado<\/i><\/b><\/p>\n<p>O governo espera realizar ainda no primeiro semestre deste ano as licita\u00e7\u00f5es dos primeiros dois blocos de arrendamentos de \u00e1reas em portos existentes, incluindo Santos (SP), Paranagu\u00e1 (PR) e Salvador (BA), disse \u00e0 Reuters o ministro da Secretaria Especial de Portos, Ant\u00f4nio Henrique Pinheiro Silveira.<\/p>\n<p>A licita\u00e7\u00e3o do primeiro bloco, que inclui 29 \u00e1reas no Porto de Santos e em portos do Par\u00e1, deveria ter ocorrido no ano passado, mas, como o Tribunal de Contas da Uni\u00e3o (TCU) estabeleceu 19 condi\u00e7\u00f5es para autorizar o processo, o cronograma acabou sendo alterado.<\/p>\n<p>O governo atendeu 15 dessas recomenda\u00e7\u00f5es, mas recorreu contra quatro delas, entre as quais uma que barrava todo o processo at\u00e9 que todas as d\u00favidas, ainda que relativas a \u00e1reas espec\u00edficas fossem sanadas.<\/p>\n<p>O TCU ainda n\u00e3o estabeleceu uma data para julgar os recursos do governo, mas o ministro est\u00e1 otimista quanto \u00e0 libera\u00e7\u00e3o dos editais.<\/p>\n<p>&#8220;Sem d\u00favidas temos todas as possibilidades de iniciar as licita\u00e7\u00f5es no primeiro semestre de este ano. Uma vez tendo um parecer positivo, imediatamente podemos publicar os editais para esse primeiro bloco&#8221;, disse.<\/p>\n<p>Silveira disse que sua expectativa \u00e9 publicar os editais do primeiro bloco no fim de fevereiro e come\u00e7ar a fazer as licita\u00e7\u00f5es no in\u00edcio de abril.<\/p>\n<p>O segundo bloco de arrendamentos envolve um total de 39 \u00e1reas nos portos de S\u00e3o Sebasti\u00e3o (SP), Salvador (BA), Aratu (BA) e Paranagu\u00e1 (PR). O ministro disse que este segundo pacote de licita\u00e7\u00f5es j\u00e1 vai incorporar recomenda\u00e7\u00f5es feitas pelo TCU no primeiro lote, para facilitar o tr\u00e2mite.<\/p>\n<p>Fonte: Reuters \/ Foto: divulga\u00e7\u00e3o &#8211; Porto de \u00a0Santos<\/p>\n","protected":false},"excerpt":{"rendered":"<p>Licita\u00e7\u00e3o do primeiro bloco, que inclui 29 \u00e1reas no Porto de Santos e em portos do Par\u00e1, deveria ter ocorrido no ano passado O governo&#8230;<\/p>\n","protected":false},"author":1182,"featured_media":0,"comment_status":"closed","ping_status":"closed","sticky":false,"template":"","format":"standard","meta":{"footnotes":""},"categories":[6],"tags":[192,55,588,69],"class_list":["post-3866","post","type-post","status-publish","format-standard","hentry","category-noticias","tag-governo","tag-leilao","tag-licitacao","tag-portos"],"_links":{"self":[{"href":"https:\/\/www.sincomam.org.br\/index.php\/wp-json\/wp\/v2\/posts\/3866","targetHints":{"allow":["GET"]}}],"collection":[{"href":"https:\/\/www.sincomam.org.br\/index.php\/wp-json\/wp\/v2\/posts"}],"about":[{"href":"https:\/\/www.sincomam.org.br\/index.php\/wp-json\/wp\/v2\/types\/post"}],"author":[{"embeddable":true,"href":"https:\/\/www.sincomam.org.br\/index.php\/wp-json\/wp\/v2\/users\/1182"}],"replies":[{"embeddable":true,"href":"https:\/\/www.sincomam.org.br\/index.php\/wp-json\/wp\/v2\/comments?post=3866"}],"version-history":[{"count":1,"href":"https:\/\/www.sincomam.org.br\/index.php\/wp-json\/wp\/v2\/posts\/3866\/revisions"}],"predecessor-version":[{"id":3867,"href":"https:\/\/www.sincomam.org.br\/index.php\/wp-json\/wp\/v2\/posts\/3866\/revisions\/3867"}],"wp:attachment":[{"href":"https:\/\/www.sincomam.org.br\/index.php\/wp-json\/wp\/v2\/media?parent=3866"}],"wp:term":[{"taxonomy":"category","embeddable":true,"href":"https:\/\/www.sincomam.org.br\/index.php\/wp-json\/wp\/v2\/categories?post=3866"},{"taxonomy":"post_tag","embeddable":true,"href":"https:\/\/www.sincomam.org.br\/index.php\/wp-json\/wp\/v2\/tags?post=3866"}],"curies":[{"name":"wp","href":"https:\/\/api.w.org\/{rel}","templated":true}]}}