{"id":38654,"date":"2022-04-07T02:27:03","date_gmt":"2022-04-07T05:27:03","guid":{"rendered":"http:\/\/www.sincomam.org.br\/?p=38654"},"modified":"2022-04-07T02:27:03","modified_gmt":"2022-04-07T05:27:03","slug":"cpse-realiza-cerimonia-de-encerramento-do-curso-especial-para-tripulacao-de-embarcacoes-de-estado-no-servico-publico","status":"publish","type":"post","link":"https:\/\/www.sincomam.org.br\/index.php\/cpse-realiza-cerimonia-de-encerramento-do-curso-especial-para-tripulacao-de-embarcacoes-de-estado-no-servico-publico\/","title":{"rendered":"CPSE realiza cerim\u00f4nia de encerramento do Curso Especial para Tripula\u00e7\u00e3o de Embarca\u00e7\u00f5es de Estado no Servi\u00e7o P\u00fablico"},"content":{"rendered":"<p>A Capitania dos Portos de Sergipe (CPSE) realizou, em 29 de mar\u00e7o, a cerim\u00f4nia de encerramento da primeira turma deste ano do Curso Especial para Tripula\u00e7\u00e3o de Embarca\u00e7\u00f5es de Estado no Servi\u00e7o P\u00fablico (ETSP), que foi presidida pelo Capit\u00e3o dos Portos de Sergipe e contou com a participa\u00e7\u00e3o de representantes de diversos \u00f3rg\u00e3os, instrutores e alunos.<\/p>\n<p>O curso, dividido em tr\u00eas partes, visa capacitar os alunos a tripular ou conduzir pequenas embarca\u00e7\u00f5es, de at\u00e9 8 metros de comprimento, de \u00d3rg\u00e3os P\u00fablicos Extra-Marinha do Brasil, empregadas na navega\u00e7\u00e3o interior.<\/p>\n<p>O curso foi ministrado para 30 alunos dos seguintes \u00f3rg\u00e3os: Corpo de Bombeiros Militar de Sergipe, Pol\u00edcia Militar de Sergipe, Pol\u00edcia Civil, Guarda Municipal de Aracaju, Guarda Municipal de Nossa Senhora de Socorro, Prefeitura Municipal da Barra dos Coqueiros, CODEVASF e Defesa Civil.<\/p>\n<p>Para o Superintendente Regional da CODEVASF em Sergipe, Marcos Alves Filho, o curso \u00e9 de grande import\u00e2ncia para a atividade n\u00e1utica. \u201cAgrade\u00e7o a Capitania dos Portos e destaco a import\u00e2ncia do curso para as institui\u00e7\u00f5es, pois esses conhecimentos trazem seguran\u00e7a para o pessoal operar as embarca\u00e7\u00f5es, al\u00e9m de promover a conviv\u00eancia conjunta entre todos os \u00f3rg\u00e3os envolvidos, destacando a irmandade e lealdade. Tive a satisfa\u00e7\u00e3o de servir a Marinha e reconhecer esses valores importantes\u201d, disse.<\/p>\n<p>Fonte: Defesa em Foco<\/p>\n","protected":false},"excerpt":{"rendered":"<p>A Capitania dos Portos de Sergipe (CPSE) realizou, em 29 de mar\u00e7o, a cerim\u00f4nia de encerramento da primeira turma deste ano do Curso Especial para&#8230;<\/p>\n","protected":false},"author":1527,"featured_media":38655,"comment_status":"closed","ping_status":"closed","sticky":false,"template":"","format":"standard","meta":{"footnotes":""},"categories":[6],"tags":[],"class_list":["post-38654","post","type-post","status-publish","format-standard","has-post-thumbnail","hentry","category-noticias"],"_links":{"self":[{"href":"https:\/\/www.sincomam.org.br\/index.php\/wp-json\/wp\/v2\/posts\/38654","targetHints":{"allow":["GET"]}}],"collection":[{"href":"https:\/\/www.sincomam.org.br\/index.php\/wp-json\/wp\/v2\/posts"}],"about":[{"href":"https:\/\/www.sincomam.org.br\/index.php\/wp-json\/wp\/v2\/types\/post"}],"author":[{"embeddable":true,"href":"https:\/\/www.sincomam.org.br\/index.php\/wp-json\/wp\/v2\/users\/1527"}],"replies":[{"embeddable":true,"href":"https:\/\/www.sincomam.org.br\/index.php\/wp-json\/wp\/v2\/comments?post=38654"}],"version-history":[{"count":1,"href":"https:\/\/www.sincomam.org.br\/index.php\/wp-json\/wp\/v2\/posts\/38654\/revisions"}],"predecessor-version":[{"id":38656,"href":"https:\/\/www.sincomam.org.br\/index.php\/wp-json\/wp\/v2\/posts\/38654\/revisions\/38656"}],"wp:featuredmedia":[{"embeddable":true,"href":"https:\/\/www.sincomam.org.br\/index.php\/wp-json\/wp\/v2\/media\/38655"}],"wp:attachment":[{"href":"https:\/\/www.sincomam.org.br\/index.php\/wp-json\/wp\/v2\/media?parent=38654"}],"wp:term":[{"taxonomy":"category","embeddable":true,"href":"https:\/\/www.sincomam.org.br\/index.php\/wp-json\/wp\/v2\/categories?post=38654"},{"taxonomy":"post_tag","embeddable":true,"href":"https:\/\/www.sincomam.org.br\/index.php\/wp-json\/wp\/v2\/tags?post=38654"}],"curies":[{"name":"wp","href":"https:\/\/api.w.org\/{rel}","templated":true}]}}