{"id":38645,"date":"2022-04-07T01:43:14","date_gmt":"2022-04-07T04:43:14","guid":{"rendered":"http:\/\/www.sincomam.org.br\/?p=38645"},"modified":"2022-04-07T01:43:14","modified_gmt":"2022-04-07T04:43:14","slug":"governo-anuncia-fim-da-tarifa-extra-para-consumidores-de-energia","status":"publish","type":"post","link":"https:\/\/www.sincomam.org.br\/index.php\/governo-anuncia-fim-da-tarifa-extra-para-consumidores-de-energia\/","title":{"rendered":"Governo anuncia fim da tarifa extra para consumidores de energia"},"content":{"rendered":"<p>Foi anunciado pelo Governo Federal o fim da bandeira de escassez h\u00eddrica, em vigor desde setembro do ano passado, e que gerava uma taxa extra na conta de energia el\u00e9trica de R$ 14,20 a cada 100 quilowatts-hora (kWh) consumidos. Com o fim da bandeira, n\u00e3o haver\u00e1 mais cobran\u00e7a de taxa extra na conta de luz. A medida entra em vigor a partir do dia 16 de abril, informou o presidente.<\/p>\n<p>&#8220;Bandeira verde para todos os consumidores de energia a partir de 16\/04. A conta de luz ter\u00e1 redu\u00e7\u00e3o de cerca de 20%&#8221;, postou Bolsonaro nas redes sociais. Em seguida, o Minist\u00e9rio de Minas e Energia (MME) publicou uma nota oficial com o mesmo teor das postagens do presidente sobre o assunto.<\/p>\n<p>A tarifa extra foi aprovada em meio \u00e0 crise hidrol\u00f3gica que afetou o n\u00edvel dos reservat\u00f3rios das usinas hidrel\u00e9tricas do pa\u00eds em 2021. As usinas s\u00e3o a principal fonte geradora de energia el\u00e9trica no pa\u00eds. De acordo com o governo federal, foi a pior seca em 91 anos.<\/p>\n<p>&#8220;Em 2021, o Brasil enfrentou a pior seca j\u00e1 registrada na hist\u00f3ria. Para garantir a seguran\u00e7a no fornecimento de energia el\u00e9trica, o pa\u00eds utilizou todos os recursos dispon\u00edveis e o governo federal teve que tomar medidas excepcionais. Com o esfor\u00e7o dos \u00f3rg\u00e3os do setor, o pa\u00eds conseguiu superar esse desafio, os reservat\u00f3rios est\u00e3o muito mais cheios que no ano passado e o risco de falta de energia foi totalmente afastado&#8221;, diz a nota do MME, tamb\u00e9m reproduzida pelo presidente da Rep\u00fablica.<\/p>\n<p>Segundo a nota, o reservat\u00f3rio da usina de Furnas terminou o m\u00eas de mar\u00e7o acima de 80% de seu volume \u00fatil. O governo tamb\u00e9m informou a retomada da opera\u00e7\u00e3o da Hidrovia Tiet\u00ea-Paran\u00e1, que ficou interrompida por sete meses.<\/p>\n<p>J\u00e1 havia uma previs\u00e3o de que a bandeira de escassez h\u00eddrica, patamar mais alto j\u00e1 adotado pelo governo, terminaria no final deste m\u00eas, mas a medida anunciada pelo MME e pelo presidente Jair Bolsonaro antecipa a redu\u00e7\u00e3o em cerca de 15 dias. A perspectiva do governo \u00e9 de que a bandeira verde vigore at\u00e9 o final do ano.<\/p>\n<p>Fonte: Ag\u00eancia Brasil<\/p>\n","protected":false},"excerpt":{"rendered":"<p>Foi anunciado pelo Governo Federal o fim da bandeira de escassez h\u00eddrica, em vigor desde setembro do ano passado, e que gerava uma taxa extra&#8230;<\/p>\n","protected":false},"author":1527,"featured_media":38646,"comment_status":"closed","ping_status":"closed","sticky":false,"template":"","format":"standard","meta":{"footnotes":""},"categories":[6],"tags":[],"class_list":["post-38645","post","type-post","status-publish","format-standard","has-post-thumbnail","hentry","category-noticias"],"_links":{"self":[{"href":"https:\/\/www.sincomam.org.br\/index.php\/wp-json\/wp\/v2\/posts\/38645","targetHints":{"allow":["GET"]}}],"collection":[{"href":"https:\/\/www.sincomam.org.br\/index.php\/wp-json\/wp\/v2\/posts"}],"about":[{"href":"https:\/\/www.sincomam.org.br\/index.php\/wp-json\/wp\/v2\/types\/post"}],"author":[{"embeddable":true,"href":"https:\/\/www.sincomam.org.br\/index.php\/wp-json\/wp\/v2\/users\/1527"}],"replies":[{"embeddable":true,"href":"https:\/\/www.sincomam.org.br\/index.php\/wp-json\/wp\/v2\/comments?post=38645"}],"version-history":[{"count":1,"href":"https:\/\/www.sincomam.org.br\/index.php\/wp-json\/wp\/v2\/posts\/38645\/revisions"}],"predecessor-version":[{"id":38647,"href":"https:\/\/www.sincomam.org.br\/index.php\/wp-json\/wp\/v2\/posts\/38645\/revisions\/38647"}],"wp:featuredmedia":[{"embeddable":true,"href":"https:\/\/www.sincomam.org.br\/index.php\/wp-json\/wp\/v2\/media\/38646"}],"wp:attachment":[{"href":"https:\/\/www.sincomam.org.br\/index.php\/wp-json\/wp\/v2\/media?parent=38645"}],"wp:term":[{"taxonomy":"category","embeddable":true,"href":"https:\/\/www.sincomam.org.br\/index.php\/wp-json\/wp\/v2\/categories?post=38645"},{"taxonomy":"post_tag","embeddable":true,"href":"https:\/\/www.sincomam.org.br\/index.php\/wp-json\/wp\/v2\/tags?post=38645"}],"curies":[{"name":"wp","href":"https:\/\/api.w.org\/{rel}","templated":true}]}}