{"id":38636,"date":"2022-04-06T10:33:19","date_gmt":"2022-04-06T13:33:19","guid":{"rendered":"http:\/\/www.sincomam.org.br\/?p=38636"},"modified":"2022-04-06T10:33:19","modified_gmt":"2022-04-06T13:33:19","slug":"porto-organizado-de-porto-velho-tem-prazo-estendido-para-regularizar-o-alfandegamento","status":"publish","type":"post","link":"https:\/\/www.sincomam.org.br\/index.php\/porto-organizado-de-porto-velho-tem-prazo-estendido-para-regularizar-o-alfandegamento\/","title":{"rendered":"PORTO ORGANIZADO DE PORTO VELHO TEM PRAZO ESTENDIDO PARA REGULARIZAR O ALFANDEGAMENTO"},"content":{"rendered":"<p>O prazo para regulariza\u00e7\u00e3o do alfandegamento do Porto Organizado de Porto Velho foi estendido para 90 dias. A decis\u00e3o foi publicada no Di\u00e1rio Oficial da Uni\u00e3o nesta segunda-feira (4). O Porto est\u00e1 localizado no bairro Balsa, na capital.<\/p>\n<p>O caso come\u00e7ou no dia 3 de mar\u00e7o quando a Delegacia da Receita Federal do Brasil emitiu uma san\u00e7\u00e3o administrativa contra o Porto devido \u00e0 \u201creincid\u00eancia no descumprimento de requisitos de alfandegamento\u201d. Inicialmente o local tinha 30 dias para regularizar a situa\u00e7\u00e3o.<\/p>\n<p>Esse primeiro prazo acabaria no dia 2 de abril, mas foi alterado e agora a efetiva execu\u00e7\u00e3o da suspens\u00e3o ter\u00e1 in\u00edcio em julho de 2022.<\/p>\n<p>Entre as adequa\u00e7\u00f5es que o Porto precisa fazer est\u00e3o: instala\u00e7\u00e3o de c\u00e2meras de monitoramento, controle de seguran\u00e7a de entrada e sa\u00edda de pessoas do local e ainda quest\u00f5es de ordem fiscal.<\/p>\n<p>Se o Porto n\u00e3o regularizar a situa\u00e7\u00e3o da alf\u00e2ndega ter\u00e1 a suspens\u00e3o das atividades de:<\/p>\n<p>Movimenta\u00e7\u00e3o, armazenagem e despacho de mercadorias,<br \/>\nAtraca\u00e7\u00e3o e desatraca\u00e7\u00e3o de embarca\u00e7\u00f5es do exterior ou a ele destinadas e, ainda,<br \/>\nO recebimento de cargas contendo mercadorias importadas ou destinadas \u00e0 exporta\u00e7\u00e3o.<br \/>\nManter o alfandegamento em Porto Velho \u00e9 importante para o setor econ\u00f4mico do estado. Segundo a Federa\u00e7\u00e3o das Ind\u00fastrias do Estado de Rond\u00f4nia (Fiero), ele melhora a competitividade das ind\u00fastrias, pois est\u00e1 ligado diretamente \u00e0 importa\u00e7\u00e3o e exporta\u00e7\u00e3o da produ\u00e7\u00e3o de Rond\u00f4nia destinada ao mercado exterior.<\/p>\n<p>Ao g1 a diretoria da Sociedade de Portos e Hidrovias do Estado de Rond\u00f4nia (SOPH) informou, em nota, que a prorroga\u00e7\u00e3o do prazo foi resultado de tratativas junto \u00e0 Receita Federal para poder atender \u00e0s exig\u00eancias que constam na notifica\u00e7\u00e3o.<\/p>\n<p>\u201cJ\u00e1 houve avan\u00e7os na constru\u00e7\u00e3o dos alambrados e os equipamentos de biometria e monitoramento de c\u00e2meras est\u00e3o em vias de instala\u00e7\u00e3o. At\u00e9 o final do m\u00eas de abril o porto far\u00e1 simula\u00e7\u00f5es da din\u00e2mica que a Receita pede para atender as premissas da notifica\u00e7\u00e3o. Tais a\u00e7\u00f5es desempenhadas visam realizar, em tempo c\u00e9lere, as adequa\u00e7\u00f5es necess\u00e1rias. J\u00e1 as obras do novo armaz\u00e9m alfandegado est\u00e3o seguindo o caminho natural e juridicamente necess\u00e1rio a um processo licitat\u00f3rio\u201d, consta na nota.<\/p>\n<p>Fonte: Portal G1<\/p>\n","protected":false},"excerpt":{"rendered":"<p>O prazo para regulariza\u00e7\u00e3o do alfandegamento do Porto Organizado de Porto Velho foi estendido para 90 dias. A decis\u00e3o foi publicada no Di\u00e1rio Oficial da&#8230;<\/p>\n","protected":false},"author":1527,"featured_media":38637,"comment_status":"closed","ping_status":"closed","sticky":false,"template":"","format":"standard","meta":{"footnotes":""},"categories":[6],"tags":[],"class_list":["post-38636","post","type-post","status-publish","format-standard","has-post-thumbnail","hentry","category-noticias"],"_links":{"self":[{"href":"https:\/\/www.sincomam.org.br\/index.php\/wp-json\/wp\/v2\/posts\/38636","targetHints":{"allow":["GET"]}}],"collection":[{"href":"https:\/\/www.sincomam.org.br\/index.php\/wp-json\/wp\/v2\/posts"}],"about":[{"href":"https:\/\/www.sincomam.org.br\/index.php\/wp-json\/wp\/v2\/types\/post"}],"author":[{"embeddable":true,"href":"https:\/\/www.sincomam.org.br\/index.php\/wp-json\/wp\/v2\/users\/1527"}],"replies":[{"embeddable":true,"href":"https:\/\/www.sincomam.org.br\/index.php\/wp-json\/wp\/v2\/comments?post=38636"}],"version-history":[{"count":1,"href":"https:\/\/www.sincomam.org.br\/index.php\/wp-json\/wp\/v2\/posts\/38636\/revisions"}],"predecessor-version":[{"id":38638,"href":"https:\/\/www.sincomam.org.br\/index.php\/wp-json\/wp\/v2\/posts\/38636\/revisions\/38638"}],"wp:featuredmedia":[{"embeddable":true,"href":"https:\/\/www.sincomam.org.br\/index.php\/wp-json\/wp\/v2\/media\/38637"}],"wp:attachment":[{"href":"https:\/\/www.sincomam.org.br\/index.php\/wp-json\/wp\/v2\/media?parent=38636"}],"wp:term":[{"taxonomy":"category","embeddable":true,"href":"https:\/\/www.sincomam.org.br\/index.php\/wp-json\/wp\/v2\/categories?post=38636"},{"taxonomy":"post_tag","embeddable":true,"href":"https:\/\/www.sincomam.org.br\/index.php\/wp-json\/wp\/v2\/tags?post=38636"}],"curies":[{"name":"wp","href":"https:\/\/api.w.org\/{rel}","templated":true}]}}