{"id":38605,"date":"2022-04-05T00:44:50","date_gmt":"2022-04-05T03:44:50","guid":{"rendered":"http:\/\/www.sincomam.org.br\/?p=38605"},"modified":"2022-04-05T00:44:50","modified_gmt":"2022-04-05T03:44:50","slug":"forcas-armadas-iniciaram-hoje-a-operacao-poseidon-2022","status":"publish","type":"post","link":"https:\/\/www.sincomam.org.br\/index.php\/forcas-armadas-iniciaram-hoje-a-operacao-poseidon-2022\/","title":{"rendered":"For\u00e7as Armadas iniciaram hoje a Opera\u00e7\u00e3o Poseidon 2022"},"content":{"rendered":"<p>A Opera\u00e7\u00e3o Poseidon\/2022, que come\u00e7ou nesta segunda (04), visa a interoperabilidade entre as For\u00e7as Armadas brasileiras empregando helic\u00f3pteros H225M a bordo de Navios da Marinha do Brasil<\/p>\n<p>Em sua terceira edi\u00e7\u00e3o, desta vez o Navio Doca Multiprop\u00f3sito (NDM) Bahia (G 40) receber\u00e1 pela primeira vez, as aeronaves da Marinha do Brasil, do Ex\u00e9rcito Brasileiro e da For\u00e7a A\u00e9rea Brasileira para exerc\u00edcios de qualifica\u00e7\u00e3o de pousos e decolagens durante navega\u00e7\u00e3o no mar.<\/p>\n<p>Ao todo, est\u00e3o sendo empregados cerca de 900 militares, e a Fragata Independ\u00eancia (F 44) tamb\u00e9m participa do exerc\u00edcio.<\/p>\n<p>Durante os cinco dias de opera\u00e7\u00e3o, que acontecer\u00e1 na \u00e1rea mar\u00edtima compreendida entre as cidades do Rio de Janeiro e Cabo Frio (RJ), ser\u00e3o realizados diversos exerc\u00edcios para ampliar o n\u00edvel de interoperabilidade entre as For\u00e7as, com o objetivo de padronizar procedimentos operacionais.<\/p>\n<p>Est\u00e3o previstos exerc\u00edcios de salto livre operacional, realizado por militares de opera\u00e7\u00f5es especiais, evacua\u00e7\u00e3o aerom\u00e9dica (EVAM) e pick-up.<\/p>\n<p>\u201cAprimorar a integra\u00e7\u00e3o entre as For\u00e7as \u00e9 extremamente importante, pois assim estaremos prontos para atuar conjuntamente e, dessa forma, ampliamos ainda mais nossas capacidades militares de defesa dos dom\u00ednios a\u00e9reo, terrestre, fluvial e mar\u00edtimo do territ\u00f3rio nacional, incluindo a Amaz\u00f4nia Azul\u201d, disse o Comandante da opera\u00e7\u00e3o, Contra-Almirante Andr\u00e9 Luiz de Andrade Felix.<\/p>\n<p>No \u00faltimo dia da Poseidon (9 de abril), est\u00e1 programado um desfile dos navios e aeronaves que integram a opera\u00e7\u00e3o pela orla do Rio de Janeiro.<\/p>\n<p>Al\u00e9m do NDM Bahia e da Fragata Independ\u00eancia, participam do desfile naval o Navio-Aer\u00f3dromo Multiprop\u00f3sito Atl\u00e2ntico e as aeronaves AH-11B Super Lynx e UH-15 Super Cougar  (Marinha do Brasil), HM-4 Jaguar (Ex\u00e9rcito Brasileiro), e H-36 Caracal (For\u00e7a A\u00e9rea Brasileira).<\/p>\n<p>Fonte: Defesa \u00c1erea Naval<\/p>\n","protected":false},"excerpt":{"rendered":"<p>A Opera\u00e7\u00e3o Poseidon\/2022, que come\u00e7ou nesta segunda (04), visa a interoperabilidade entre as For\u00e7as Armadas brasileiras empregando helic\u00f3pteros H225M a bordo de Navios da Marinha&#8230;<\/p>\n","protected":false},"author":1527,"featured_media":38606,"comment_status":"closed","ping_status":"closed","sticky":false,"template":"","format":"standard","meta":{"footnotes":""},"categories":[6],"tags":[],"class_list":["post-38605","post","type-post","status-publish","format-standard","has-post-thumbnail","hentry","category-noticias"],"_links":{"self":[{"href":"https:\/\/www.sincomam.org.br\/index.php\/wp-json\/wp\/v2\/posts\/38605","targetHints":{"allow":["GET"]}}],"collection":[{"href":"https:\/\/www.sincomam.org.br\/index.php\/wp-json\/wp\/v2\/posts"}],"about":[{"href":"https:\/\/www.sincomam.org.br\/index.php\/wp-json\/wp\/v2\/types\/post"}],"author":[{"embeddable":true,"href":"https:\/\/www.sincomam.org.br\/index.php\/wp-json\/wp\/v2\/users\/1527"}],"replies":[{"embeddable":true,"href":"https:\/\/www.sincomam.org.br\/index.php\/wp-json\/wp\/v2\/comments?post=38605"}],"version-history":[{"count":1,"href":"https:\/\/www.sincomam.org.br\/index.php\/wp-json\/wp\/v2\/posts\/38605\/revisions"}],"predecessor-version":[{"id":38607,"href":"https:\/\/www.sincomam.org.br\/index.php\/wp-json\/wp\/v2\/posts\/38605\/revisions\/38607"}],"wp:featuredmedia":[{"embeddable":true,"href":"https:\/\/www.sincomam.org.br\/index.php\/wp-json\/wp\/v2\/media\/38606"}],"wp:attachment":[{"href":"https:\/\/www.sincomam.org.br\/index.php\/wp-json\/wp\/v2\/media?parent=38605"}],"wp:term":[{"taxonomy":"category","embeddable":true,"href":"https:\/\/www.sincomam.org.br\/index.php\/wp-json\/wp\/v2\/categories?post=38605"},{"taxonomy":"post_tag","embeddable":true,"href":"https:\/\/www.sincomam.org.br\/index.php\/wp-json\/wp\/v2\/tags?post=38605"}],"curies":[{"name":"wp","href":"https:\/\/api.w.org\/{rel}","templated":true}]}}