{"id":38599,"date":"2022-04-05T00:39:09","date_gmt":"2022-04-05T03:39:09","guid":{"rendered":"http:\/\/www.sincomam.org.br\/?p=38599"},"modified":"2022-04-05T00:39:09","modified_gmt":"2022-04-05T03:39:09","slug":"receita-federal-apreende-337-kg-de-cocaina-no-porto-de-itaguai","status":"publish","type":"post","link":"https:\/\/www.sincomam.org.br\/index.php\/receita-federal-apreende-337-kg-de-cocaina-no-porto-de-itaguai\/","title":{"rendered":"Receita Federal apreende 337 kg de coca\u00edna no Porto de Itagua\u00ed"},"content":{"rendered":"<p>A Receita Federal do Brasil apreendeu 337 quilos (kg) de coca\u00edna na manh\u00e3 de hoje (4), no Porto de Itagua\u00ed, regi\u00e3o metropolitana do Rio de Janeiro, localizado a 73 km da capital.<\/p>\n<p>A droga estava escondida em um cont\u00eainer que tinha como destino final a Europa. O trabalho foi realizado pela Divis\u00e3o de Vigil\u00e2ncia e Repress\u00e3o ao Contrabando e Descaminho da 7\u00aa Regi\u00e3o Fiscal, que engloba os estados do Rio de Janeiro e Esp\u00edrito Santo.<\/p>\n<p>A coca\u00edna foi localizada durante uma fiscaliza\u00e7\u00e3o no terminal de cont\u00eaineres e, para a sele\u00e7\u00e3o das cargas a serem inspecionadas, foram utilizados crit\u00e9rios de gerenciamento de risco. Durante o trabalho foram usados equipamento de raio-x e a equipe de c\u00e3es farejadores da Receita.<\/p>\n<p>A droga apreendida foi encaminhada para a Pol\u00edcia Federal que ficar\u00e1 respons\u00e1vel pelas investiga\u00e7\u00f5es sobre o caso.<\/p>\n<p>Apreens\u00e3o no Gale\u00e3o<br \/>\nNo \u00faltimo dia 25, a Pol\u00edcia Federal apreendeu, em a\u00e7\u00e3o conjunta com a Receita Federal, coca\u00edna oculta no interior de 20 cortadores de pisos cer\u00e2micos e porcelanatos no RIOgale\u00e3o &#8211; Aeroporto Internacional do Rio de Janeiro, na Ilha do Governador, zona norte do Rio.<\/p>\n<p>A carga tinha como destino Mo\u00e7ambique, na \u00c1frica, e foi selecionada para fiscaliza\u00e7\u00e3o pelos policiais da Delegacia Especializada do Aeroporto Internacional e servidores da Receita Federal. A droga tamb\u00e9m foi detectada com o aux\u00edlio de um c\u00e3o farejador da Delegacia de Repress\u00e3o a Entorpecentes da Pol\u00edcia Federal.<\/p>\n<p>Fonte: Ag\u00eancia Brasil<\/p>\n","protected":false},"excerpt":{"rendered":"<p>A Receita Federal do Brasil apreendeu 337 quilos (kg) de coca\u00edna na manh\u00e3 de hoje (4), no Porto de Itagua\u00ed, regi\u00e3o metropolitana do Rio de&#8230;<\/p>\n","protected":false},"author":1527,"featured_media":38600,"comment_status":"closed","ping_status":"closed","sticky":false,"template":"","format":"standard","meta":{"footnotes":""},"categories":[6],"tags":[],"class_list":["post-38599","post","type-post","status-publish","format-standard","has-post-thumbnail","hentry","category-noticias"],"_links":{"self":[{"href":"https:\/\/www.sincomam.org.br\/index.php\/wp-json\/wp\/v2\/posts\/38599","targetHints":{"allow":["GET"]}}],"collection":[{"href":"https:\/\/www.sincomam.org.br\/index.php\/wp-json\/wp\/v2\/posts"}],"about":[{"href":"https:\/\/www.sincomam.org.br\/index.php\/wp-json\/wp\/v2\/types\/post"}],"author":[{"embeddable":true,"href":"https:\/\/www.sincomam.org.br\/index.php\/wp-json\/wp\/v2\/users\/1527"}],"replies":[{"embeddable":true,"href":"https:\/\/www.sincomam.org.br\/index.php\/wp-json\/wp\/v2\/comments?post=38599"}],"version-history":[{"count":1,"href":"https:\/\/www.sincomam.org.br\/index.php\/wp-json\/wp\/v2\/posts\/38599\/revisions"}],"predecessor-version":[{"id":38601,"href":"https:\/\/www.sincomam.org.br\/index.php\/wp-json\/wp\/v2\/posts\/38599\/revisions\/38601"}],"wp:featuredmedia":[{"embeddable":true,"href":"https:\/\/www.sincomam.org.br\/index.php\/wp-json\/wp\/v2\/media\/38600"}],"wp:attachment":[{"href":"https:\/\/www.sincomam.org.br\/index.php\/wp-json\/wp\/v2\/media?parent=38599"}],"wp:term":[{"taxonomy":"category","embeddable":true,"href":"https:\/\/www.sincomam.org.br\/index.php\/wp-json\/wp\/v2\/categories?post=38599"},{"taxonomy":"post_tag","embeddable":true,"href":"https:\/\/www.sincomam.org.br\/index.php\/wp-json\/wp\/v2\/tags?post=38599"}],"curies":[{"name":"wp","href":"https:\/\/api.w.org\/{rel}","templated":true}]}}