{"id":38590,"date":"2022-04-04T10:58:04","date_gmt":"2022-04-04T13:58:04","guid":{"rendered":"http:\/\/www.sincomam.org.br\/?p=38590"},"modified":"2022-04-04T10:58:04","modified_gmt":"2022-04-04T13:58:04","slug":"iniciada-revisao-do-plano-mestre-do-complexo-portuario-de-imbituba","status":"publish","type":"post","link":"https:\/\/www.sincomam.org.br\/index.php\/iniciada-revisao-do-plano-mestre-do-complexo-portuario-de-imbituba\/","title":{"rendered":"INICIADA REVIS\u00c3O DO PLANO MESTRE DO COMPLEXO PORTU\u00c1RIO DE IMBITUBA"},"content":{"rendered":"<p>Um dos principais instrumentos de planejamento do Porto de Imbituba, o Plano Mestre, teve seu novo ciclo de atualiza\u00e7\u00e3o iniciado esta semana. A reuni\u00e3o de abertura dos trabalhos foi realizada na ter\u00e7a-feira (29), no Centro de Atividades M\u00faltiplas da SCPAR Porto de Imbituba. O encontro contou com a participa\u00e7\u00e3o de representantes da Secretaria Nacional dos Portos e Transportes Aquavi\u00e1rios (SNPTA), da Empresa de Planejamento e Log\u00edstica (EPL), membros do Conselho de Autoridade Portu\u00e1ria (CAP), arrendat\u00e1rios e operadores. Ao longo da semana, a equipe da EPL esteve em Imbituba para fazer entrevistas e levantamento de informa\u00e7\u00f5es junto \u00e0 comunidade portu\u00e1ria.<\/p>\n<p>O Plano Mestre \u00e9 o instrumento de planejamento de cada porto organizado no Brasil. O documento se articula ao Plano Nacional de Log\u00edstica, para promover o desenvolvimento do setor de forma coerente e integrada. Traz uma vis\u00e3o estrat\u00e9gica, a partir da an\u00e1lise da situa\u00e7\u00e3o portu\u00e1ria atual e da rela\u00e7\u00e3o porto-cidade, projetando a demanda sobre as instala\u00e7\u00f5es portu\u00e1rias e os acessos, e direcionando as a\u00e7\u00f5es e investimentos de curto, m\u00e9dio e longo prazo no Porto. A atualiza\u00e7\u00e3o \u00e9 executada pela EPL, sob lideran\u00e7a da SNPTA. A perspectiva \u00e9 de que a nova vers\u00e3o seja aprovada at\u00e9 o fim deste ano. O documento vigente \u00e9 de 2018.<\/p>\n<p>\u201cEssa atualiza\u00e7\u00e3o, j\u00e1 prevista na agenda do Minist\u00e9rio da Infraestrutura, agrega muito ao nosso trabalho, pois leva em conta novos fatores que surgiram no contexto estrat\u00e9gico em que o Porto opera, trazendo uma vis\u00e3o mais apurada da trajet\u00f3ria projetada para os pr\u00f3ximos anos, com orienta\u00e7\u00f5es sobre as necessidades e alternativas de expans\u00e3o do complexo portu\u00e1rio e como fonte para prospec\u00e7\u00e3o de novos clientes\u2019, afirma F\u00e1bio Riera, diretor-presidente da SCPAR Porto de Imbituba.<\/p>\n<p>Fonte: Informativo dos Portos<\/p>\n","protected":false},"excerpt":{"rendered":"<p>Um dos principais instrumentos de planejamento do Porto de Imbituba, o Plano Mestre, teve seu novo ciclo de atualiza\u00e7\u00e3o iniciado esta semana. A reuni\u00e3o de&#8230;<\/p>\n","protected":false},"author":1527,"featured_media":38591,"comment_status":"closed","ping_status":"closed","sticky":false,"template":"","format":"standard","meta":{"footnotes":""},"categories":[6],"tags":[],"class_list":["post-38590","post","type-post","status-publish","format-standard","has-post-thumbnail","hentry","category-noticias"],"_links":{"self":[{"href":"https:\/\/www.sincomam.org.br\/index.php\/wp-json\/wp\/v2\/posts\/38590","targetHints":{"allow":["GET"]}}],"collection":[{"href":"https:\/\/www.sincomam.org.br\/index.php\/wp-json\/wp\/v2\/posts"}],"about":[{"href":"https:\/\/www.sincomam.org.br\/index.php\/wp-json\/wp\/v2\/types\/post"}],"author":[{"embeddable":true,"href":"https:\/\/www.sincomam.org.br\/index.php\/wp-json\/wp\/v2\/users\/1527"}],"replies":[{"embeddable":true,"href":"https:\/\/www.sincomam.org.br\/index.php\/wp-json\/wp\/v2\/comments?post=38590"}],"version-history":[{"count":1,"href":"https:\/\/www.sincomam.org.br\/index.php\/wp-json\/wp\/v2\/posts\/38590\/revisions"}],"predecessor-version":[{"id":38592,"href":"https:\/\/www.sincomam.org.br\/index.php\/wp-json\/wp\/v2\/posts\/38590\/revisions\/38592"}],"wp:featuredmedia":[{"embeddable":true,"href":"https:\/\/www.sincomam.org.br\/index.php\/wp-json\/wp\/v2\/media\/38591"}],"wp:attachment":[{"href":"https:\/\/www.sincomam.org.br\/index.php\/wp-json\/wp\/v2\/media?parent=38590"}],"wp:term":[{"taxonomy":"category","embeddable":true,"href":"https:\/\/www.sincomam.org.br\/index.php\/wp-json\/wp\/v2\/categories?post=38590"},{"taxonomy":"post_tag","embeddable":true,"href":"https:\/\/www.sincomam.org.br\/index.php\/wp-json\/wp\/v2\/tags?post=38590"}],"curies":[{"name":"wp","href":"https:\/\/api.w.org\/{rel}","templated":true}]}}