{"id":3858,"date":"2014-02-26T10:31:40","date_gmt":"2014-02-26T13:31:40","guid":{"rendered":"http:\/\/www.sincomam.org.br\/?p=3858"},"modified":"2014-02-26T14:57:22","modified_gmt":"2014-02-26T17:57:22","slug":"revista-france-football-faz-materia-negativa-sobre-a-copa-de-2014-no-brasil","status":"publish","type":"post","link":"https:\/\/www.sincomam.org.br\/index.php\/revista-france-football-faz-materia-negativa-sobre-a-copa-de-2014-no-brasil\/","title":{"rendered":"Revista France Football faz mat\u00e9ria negativa sobre a Copa de 2014 no Brasil"},"content":{"rendered":"<p><b><i>Com a manchete \u2018Peur sur le Mondial\u2019 (Medo do Mundial), a publica\u00e7\u00e3o francesa apresenta uma avalanche de problemas que sele\u00e7\u00f5es e torcedores podem enfrentar no Brasil<\/i><\/b><\/p>\n<p>Uma das revistas mais conceituadas sobre futebol no mundo, a <i>France Football<\/i> divulgou uma reportagem especial sobre a organiza\u00e7\u00e3o da Copa do Mundo de 2014 e fez duras cr\u00edticas sobre o evento. Com a manchete \u2018Peur sur le Mondial\u2019 (Medo do Mundial), a publica\u00e7\u00e3o francesa apresenta reportagem sobre uma s\u00e9rie de riscos que torcedores e sele\u00e7\u00f5es podem enfrentar no Brasil durante a competi\u00e7\u00e3o.<\/p>\n<p>A capa toda negra, onde se l\u00ea \u201cPeur sur le Mondial\u201d, algo como: \u201cO mundial do medo\u201d, sendo que a letra O da palavra \u201cmondial\u201d est\u00e1 a bandeira do Brasil, e onde deveria estar escrito \u201cOrdem e Progresso\u201d, foi colocada uma tarja negra.<\/p>\n<p>A revista relata, em seis p\u00e1ginas, sobre os atrasos na entrega dos est\u00e1dios, a insatisfa\u00e7\u00e3o da popula\u00e7\u00e3o, as violentas manifesta\u00e7\u00f5es, os problemas com a educa\u00e7\u00e3o e sa\u00fade, a falha nos transportes brasileiros e at\u00e9 as diferen\u00e7as de clima entre as regi\u00f5es durante o evento, que justificam os temores com a organiza\u00e7\u00e3o da Copa.<\/p>\n<p>A revista revela que a organiza\u00e7\u00e3o do evento exp\u00f5e duas faces diferentes: por uma lado, as exig\u00eancias da Fifa, \u201c\u00e0s vezes desmedidas, normalmente inadequadas\u201d, e, por outro, um pa\u00eds de crescimento econ\u00f4mico fraco, com problemas pol\u00edticos, corrup\u00e7\u00e3o e uma alta de pre\u00e7os nos hot\u00e9is e restaurantes consideravelmente insuport\u00e1vel. <\/p>\n<p>A reportagem tamb\u00e9m ressalta as recentes declara\u00e7\u00f5es do presidente da Fifa, Joseph Blatter, de que nunca um pa\u00eds esteve t\u00e3o atrasado na prepara\u00e7\u00e3o de uma Copa do Mundo, e do secret\u00e1rio-geral, J\u00e9r\u00f4me Valcke, admitindo que a competi\u00e7\u00e3o vai ser realizada sem infraestruturas e com constru\u00e7\u00f5es totalmente instaladas e testadas inadequadamente.<\/p>\n<p>Em entrevista concedida \u00e0 revista, o presidente da Fifa confessa ainda que a entidade possa ter tido uma confian\u00e7a excessiva no Brasil para organizar o maior evento do futebol mundial. \u00a0Blatter se mostra arrependido com a decis\u00e3o de realizar a Copa do Mundo no Brasil e volta a reafirmar que nunca um pa\u00eds teve tanto tempo, 7 anos, para realizar uma Copa. \u00a0Segundo a revista, a\u00a0presidenta Dilma Rousseff prometeu a ele [Joseph Blatter] provar que \u201co Brasil estar\u00e1 pronto\u201d.<\/p>\n<p>A revista pode ser acessada no site: <a href=\"http:\/\/www.francefootball.fr\/\">www.francefootball.com<\/a> &#8211; mas o leitor v\u00ea apenas a capa, pois reportagem n\u00e3o est\u00e1 liberada no Brasil.<\/p>\n<p>Foto ilustrativa<\/p>\n","protected":false},"excerpt":{"rendered":"<p>Com a manchete \u2018Peur sur le Mondial\u2019 (Medo do Mundial), a publica\u00e7\u00e3o francesa apresenta uma avalanche de problemas que sele\u00e7\u00f5es e torcedores podem enfrentar no&#8230;<\/p>\n","protected":false},"author":1182,"featured_media":3860,"comment_status":"closed","ping_status":"closed","sticky":false,"template":"","format":"standard","meta":{"footnotes":""},"categories":[6],"tags":[],"class_list":["post-3858","post","type-post","status-publish","format-standard","has-post-thumbnail","hentry","category-noticias"],"_links":{"self":[{"href":"https:\/\/www.sincomam.org.br\/index.php\/wp-json\/wp\/v2\/posts\/3858","targetHints":{"allow":["GET"]}}],"collection":[{"href":"https:\/\/www.sincomam.org.br\/index.php\/wp-json\/wp\/v2\/posts"}],"about":[{"href":"https:\/\/www.sincomam.org.br\/index.php\/wp-json\/wp\/v2\/types\/post"}],"author":[{"embeddable":true,"href":"https:\/\/www.sincomam.org.br\/index.php\/wp-json\/wp\/v2\/users\/1182"}],"replies":[{"embeddable":true,"href":"https:\/\/www.sincomam.org.br\/index.php\/wp-json\/wp\/v2\/comments?post=3858"}],"version-history":[{"count":7,"href":"https:\/\/www.sincomam.org.br\/index.php\/wp-json\/wp\/v2\/posts\/3858\/revisions"}],"predecessor-version":[{"id":3871,"href":"https:\/\/www.sincomam.org.br\/index.php\/wp-json\/wp\/v2\/posts\/3858\/revisions\/3871"}],"wp:featuredmedia":[{"embeddable":true,"href":"https:\/\/www.sincomam.org.br\/index.php\/wp-json\/wp\/v2\/media\/3860"}],"wp:attachment":[{"href":"https:\/\/www.sincomam.org.br\/index.php\/wp-json\/wp\/v2\/media?parent=3858"}],"wp:term":[{"taxonomy":"category","embeddable":true,"href":"https:\/\/www.sincomam.org.br\/index.php\/wp-json\/wp\/v2\/categories?post=3858"},{"taxonomy":"post_tag","embeddable":true,"href":"https:\/\/www.sincomam.org.br\/index.php\/wp-json\/wp\/v2\/tags?post=3858"}],"curies":[{"name":"wp","href":"https:\/\/api.w.org\/{rel}","templated":true}]}}