{"id":38571,"date":"2022-04-01T04:14:29","date_gmt":"2022-04-01T07:14:29","guid":{"rendered":"http:\/\/www.sincomam.org.br\/?p=38571"},"modified":"2022-04-01T04:14:29","modified_gmt":"2022-04-01T07:14:29","slug":"movimentacao-de-cargas-do-porto-do-rio-de-janeiro-cresce-126-no-1-bimestre","status":"publish","type":"post","link":"https:\/\/www.sincomam.org.br\/index.php\/movimentacao-de-cargas-do-porto-do-rio-de-janeiro-cresce-126-no-1-bimestre\/","title":{"rendered":"Movimenta\u00e7\u00e3o de cargas do Porto do Rio de Janeiro cresce 12,6% no 1\u00b0 bimestre"},"content":{"rendered":"<p>O primeiro bimestre de 2022 foi positivo para o Porto do Rio de Janeiro, com uma movimenta\u00e7\u00e3o total de 1,5 milh\u00e3o de toneladas de cargas. A marca supera em 12,6% os n\u00fameros do mesmo per\u00edodo do ano passado. A informa\u00e7\u00e3o \u00e9 da Companhia Docas do Rio de Janeiro (CDRJ), respons\u00e1vel pela administra\u00e7\u00e3o do complexo portu\u00e1rio fluminense, que inclui tamb\u00e9m os portos de Itagua\u00ed, Niter\u00f3i e Angra dos Reis.<\/p>\n<p>De acordo com o levantamento do setor de Planejamento de Neg\u00f3cios da Autoridade Portu\u00e1ria, a tend\u00eancia de crescimento na movimenta\u00e7\u00e3o de carga conteinerizada no Porto do Rio de Janeiro, j\u00e1 observada em meses anteriores, se manteve com alta de 31,2%, em compara\u00e7\u00e3o com o primeiro bimestre de 2021. Em TEUs, o volume movimentado (84.774) representou um acr\u00e9scimo de 31,8% em rela\u00e7\u00e3o ao mesmo per\u00edodo do ano passado.<\/p>\n<p>A an\u00e1lise indica ainda que as demais cargas movimentadas no Porto do Rio de Janeiro em janeiro e fevereiro deste ano demonstraram, no geral, estabilidade em rela\u00e7\u00e3o ao mesmo per\u00edodo de 2021, com destaque para a movimenta\u00e7\u00e3o de ferro gusa e produtos sider\u00fargicos que apresentaram incremento de 40% e 52,6%, respectivamente.<\/p>\n<p>Faturamento \u2013 O faturamento do Porto do Rio de Janeiro, no 1\u00b0 bimestre de 2022, foi de R$37,1 milh\u00f5es. O valor corresponde a um aumento de 12,9% em rela\u00e7\u00e3o ao mesmo per\u00edodo de 2021.<\/p>\n<p>Fonte: Portos e Navios<\/p>\n","protected":false},"excerpt":{"rendered":"<p>O primeiro bimestre de 2022 foi positivo para o Porto do Rio de Janeiro, com uma movimenta\u00e7\u00e3o total de 1,5 milh\u00e3o de toneladas de cargas&#8230;.<\/p>\n","protected":false},"author":1527,"featured_media":38572,"comment_status":"closed","ping_status":"closed","sticky":false,"template":"","format":"standard","meta":{"footnotes":""},"categories":[6],"tags":[],"class_list":["post-38571","post","type-post","status-publish","format-standard","has-post-thumbnail","hentry","category-noticias"],"_links":{"self":[{"href":"https:\/\/www.sincomam.org.br\/index.php\/wp-json\/wp\/v2\/posts\/38571","targetHints":{"allow":["GET"]}}],"collection":[{"href":"https:\/\/www.sincomam.org.br\/index.php\/wp-json\/wp\/v2\/posts"}],"about":[{"href":"https:\/\/www.sincomam.org.br\/index.php\/wp-json\/wp\/v2\/types\/post"}],"author":[{"embeddable":true,"href":"https:\/\/www.sincomam.org.br\/index.php\/wp-json\/wp\/v2\/users\/1527"}],"replies":[{"embeddable":true,"href":"https:\/\/www.sincomam.org.br\/index.php\/wp-json\/wp\/v2\/comments?post=38571"}],"version-history":[{"count":1,"href":"https:\/\/www.sincomam.org.br\/index.php\/wp-json\/wp\/v2\/posts\/38571\/revisions"}],"predecessor-version":[{"id":38573,"href":"https:\/\/www.sincomam.org.br\/index.php\/wp-json\/wp\/v2\/posts\/38571\/revisions\/38573"}],"wp:featuredmedia":[{"embeddable":true,"href":"https:\/\/www.sincomam.org.br\/index.php\/wp-json\/wp\/v2\/media\/38572"}],"wp:attachment":[{"href":"https:\/\/www.sincomam.org.br\/index.php\/wp-json\/wp\/v2\/media?parent=38571"}],"wp:term":[{"taxonomy":"category","embeddable":true,"href":"https:\/\/www.sincomam.org.br\/index.php\/wp-json\/wp\/v2\/categories?post=38571"},{"taxonomy":"post_tag","embeddable":true,"href":"https:\/\/www.sincomam.org.br\/index.php\/wp-json\/wp\/v2\/tags?post=38571"}],"curies":[{"name":"wp","href":"https:\/\/api.w.org\/{rel}","templated":true}]}}