{"id":38568,"date":"2022-04-01T04:13:03","date_gmt":"2022-04-01T07:13:03","guid":{"rendered":"http:\/\/www.sincomam.org.br\/?p=38568"},"modified":"2022-04-01T04:13:03","modified_gmt":"2022-04-01T07:13:03","slug":"srag-aumenta-309-em-criancas-de-5-a-11-anos-de-fevereiro-a-marco","status":"publish","type":"post","link":"https:\/\/www.sincomam.org.br\/index.php\/srag-aumenta-309-em-criancas-de-5-a-11-anos-de-fevereiro-a-marco\/","title":{"rendered":"SRAG aumenta 309% em crian\u00e7as de 5 a 11 anos de fevereiro a mar\u00e7o"},"content":{"rendered":"<p>Os casos de s\u00edndrome respirat\u00f3ria aguda grave (SRAG) em crian\u00e7as continuam em alta, e o aumento da incid\u00eancia chega a 309% na faixa et\u00e1ria de 5 a 11 anos, se a quarta semana de mar\u00e7o for comparada com a primeira de fevereiro. A an\u00e1lise foi divulgada hoje (31) no Boletim InfoGripe, da Funda\u00e7\u00e3o Oswaldo Cruz (Fiocruz).<\/p>\n<p>Os dados mais recentes avaliados pelos pesquisadores s\u00e3o do per\u00edodo de 20 a 26 de mar\u00e7o e tamb\u00e9m mostram um crescimento de 110% na m\u00e9dia m\u00f3vel de casos de SRAG entre as crian\u00e7as de 0 a 4 anos, em rela\u00e7\u00e3o \u00e0 primeira semana de fevereiro. Na popula\u00e7\u00e3o adulta, a tend\u00eancia \u00e9 de queda em todas as faixas et\u00e1rias.<\/p>\n<p>O aumento de casos da s\u00edndrome entre crian\u00e7as de 0 a 4 anos pode estar relacionado ao v\u00edrus sincicial respirat\u00f3rio (VSR), segundo o boletim. J\u00e1 na faixa et\u00e1ria de 5 a 11 anos pode ter havido uma interrup\u00e7\u00e3o da queda de infec\u00e7\u00f5es pelo SARS-CoV-2 em fevereiro, e um aumento da detec\u00e7\u00e3o de outros v\u00edrus respirat\u00f3rios em mar\u00e7o.<\/p>\n<p>Crian\u00e7as de 5 a 11 anos podem ser vacinadas contra a covid-19 desde janeiro, o que reduz o risco de uma infec\u00e7\u00e3o evoluir para uma s\u00edndrome respirat\u00f3ria grave.<\/p>\n<p>O coordenador do InfoGripe, Marcelo Gomes, acrescenta que o aumento nas duas faixas et\u00e1rias infantis coincide com o in\u00edcio do ano letivo. Nas faixas et\u00e1rias adultas, ele avalia que, apesar de o patamar atual de casos de SRAG ser o menor da pandemia, ainda s\u00e3o registrados mais de dois casos por 100 mil habitantes no pa\u00eds.<\/p>\n<p>A Fiocruz informa ainda que sete das 27 unidades federativas apresentam sinal de crescimento na tend\u00eancia de longo prazo (\u00faltimas 6 semanas) de casos de SRAG: Amap\u00e1, Cear\u00e1, Esp\u00edrito Santo, Maranh\u00e3o, Para\u00edba, Roraima e Sergipe. Esse cen\u00e1rio \u00e9 registrado em 12 capitais: Aracaju (SE), Boa Vista (RR), Campo Grande (MS), Cuiab\u00e1 (MT), Florian\u00f3polis (SC), Fortaleza (CE), Jo\u00e3o Pessoa (PB), Macap\u00e1 (AP), Macei\u00f3 (AL), Recife (PE), S\u00e3o Paulo (SP) e Vit\u00f3ria (ES).<\/p>\n<p>Fonte: Ag\u00eancia Brasil<\/p>\n","protected":false},"excerpt":{"rendered":"<p>Os casos de s\u00edndrome respirat\u00f3ria aguda grave (SRAG) em crian\u00e7as continuam em alta, e o aumento da incid\u00eancia chega a 309% na faixa et\u00e1ria de&#8230;<\/p>\n","protected":false},"author":1527,"featured_media":38569,"comment_status":"closed","ping_status":"closed","sticky":false,"template":"","format":"standard","meta":{"footnotes":""},"categories":[6],"tags":[],"class_list":["post-38568","post","type-post","status-publish","format-standard","has-post-thumbnail","hentry","category-noticias"],"_links":{"self":[{"href":"https:\/\/www.sincomam.org.br\/index.php\/wp-json\/wp\/v2\/posts\/38568","targetHints":{"allow":["GET"]}}],"collection":[{"href":"https:\/\/www.sincomam.org.br\/index.php\/wp-json\/wp\/v2\/posts"}],"about":[{"href":"https:\/\/www.sincomam.org.br\/index.php\/wp-json\/wp\/v2\/types\/post"}],"author":[{"embeddable":true,"href":"https:\/\/www.sincomam.org.br\/index.php\/wp-json\/wp\/v2\/users\/1527"}],"replies":[{"embeddable":true,"href":"https:\/\/www.sincomam.org.br\/index.php\/wp-json\/wp\/v2\/comments?post=38568"}],"version-history":[{"count":1,"href":"https:\/\/www.sincomam.org.br\/index.php\/wp-json\/wp\/v2\/posts\/38568\/revisions"}],"predecessor-version":[{"id":38570,"href":"https:\/\/www.sincomam.org.br\/index.php\/wp-json\/wp\/v2\/posts\/38568\/revisions\/38570"}],"wp:featuredmedia":[{"embeddable":true,"href":"https:\/\/www.sincomam.org.br\/index.php\/wp-json\/wp\/v2\/media\/38569"}],"wp:attachment":[{"href":"https:\/\/www.sincomam.org.br\/index.php\/wp-json\/wp\/v2\/media?parent=38568"}],"wp:term":[{"taxonomy":"category","embeddable":true,"href":"https:\/\/www.sincomam.org.br\/index.php\/wp-json\/wp\/v2\/categories?post=38568"},{"taxonomy":"post_tag","embeddable":true,"href":"https:\/\/www.sincomam.org.br\/index.php\/wp-json\/wp\/v2\/tags?post=38568"}],"curies":[{"name":"wp","href":"https:\/\/api.w.org\/{rel}","templated":true}]}}