{"id":38555,"date":"2022-04-01T04:02:57","date_gmt":"2022-04-01T07:02:57","guid":{"rendered":"http:\/\/www.sincomam.org.br\/?p=38555"},"modified":"2022-04-01T04:02:57","modified_gmt":"2022-04-01T07:02:57","slug":"caixa-anuncia-reducao-de-juros-do-programa-casa-verde-e-amarela","status":"publish","type":"post","link":"https:\/\/www.sincomam.org.br\/index.php\/caixa-anuncia-reducao-de-juros-do-programa-casa-verde-e-amarela\/","title":{"rendered":"Caixa anuncia redu\u00e7\u00e3o de juros do programa Casa Verde e Amarela"},"content":{"rendered":"<p>A Caixa Econ\u00f4mica Federal anunciou na quinta-feira (24), que far\u00e1 uma redu\u00e7\u00e3o dos juros do programa Casa Verde e Amarela. Segundo o banco,  ca\u00edram de 4,75% para 4,25%. Tamb\u00e9m ficou definido que a partir de 12 de abril, \u00e0s fam\u00edlias com renda m\u00e1xima de R$ 2.400 tamb\u00e9m poder\u00e3o integrar o programa habitacional. O im\u00f3vel financiado, que \u00e9 estipulado pela quantidade de habitantes no munic\u00edpio, teve um aumento de 15%.<\/p>\n<p>A meta do Programa Casa Verde e Amarela \u00e9 atender 1,6 milh\u00e3o de fam\u00edlias de baixa renda com o financiamento habitacional at\u00e9 2024. O programa re\u00fane iniciativas habitacionais do governo federal para ampliar o estoque de moradias e atender as necessidades habitacionais da popula\u00e7\u00e3o.<\/p>\n<p>A partir do dia 12 de abril, passam a valer as novas condi\u00e7\u00f5es de financiamento de im\u00f3veis para as fam\u00edlias com renda mensal entre R$ 2.000,01 a R$ 2.400. A taxa de juros ser\u00e1 de 4,25%, a institui\u00e7\u00e3o financeira vai aumentar os subs\u00eddios para aquisi\u00e7\u00e3o e a constru\u00e7\u00e3o de moradias, o que aumentar\u00e1 o poder de compra das fam\u00edlias.<\/p>\n<p>Sendo que ser\u00e1 poss\u00edvel ter at\u00e9 30 anos para que a fam\u00edlia possa quitar o cr\u00e9dito. Neste caso, as taxas de juros e subs\u00eddios ser\u00e3o liberados de acordo com o grupo de renda, o valor e a localiza\u00e7\u00e3o do im\u00f3vel. O financiamento do im\u00f3vel n\u00e3o pode ultrapassar o valor de R$ 264 mil.<\/p>\n<p>A Caixa tamb\u00e9m divulgou que foi liberada uma Linha de Cr\u00e9dito para Pessoas com Defici\u00eancia (PcD) que desejam entrar no programa Casa Verde e Amarela. Neste caso, as fam\u00edlias que tiverem em sua composi\u00e7\u00e3o Pessoas com defici\u00eancia podem solicitar financiamento de at\u00e9 R$ 50 mil para fazer a reforma ou adaptar um im\u00f3vel.<\/p>\n<p>A limita\u00e7\u00e3o do cr\u00e9dito ser\u00e1 de 80% do or\u00e7amento apresentado. A taxa de juros ser\u00e1 de 4,25% por ano, mais a Taxa Referencial (TR), com prazo de pagamento de at\u00e9 240 meses para quem tem renda bruta mensal de at\u00e9 R$ 3 mil.<\/p>\n<p><strong>A partir do m\u00eas de abril haver\u00e1 novas divis\u00f5es no programa social Casa Verde e Amarela, confira:<\/strong><\/p>\n<p>Grupo 1: fam\u00edlias com renda total de at\u00e9 R$ 2.400,00;<br \/>\nGrupo 2: fam\u00edlias com renda total entre R$ 2.401,00 e R$ 4.000,00;<br \/>\nGrupo 3: fam\u00edlias com renda total entre R$ 4.001,00 e R$ 7.000,00.<br \/>\nA Caixa Econ\u00f4mica Federal \u00e9 a respons\u00e1vel por realizar os financiamentos do programa habitacional Casa Verde e Amarela. Voc\u00ea poder\u00e1 ter acesso a todas as informa\u00e7\u00f5es do programa no site da Caixa.<\/p>\n<p>Fonte: Jornal Contabil<\/p>\n","protected":false},"excerpt":{"rendered":"<p>A Caixa Econ\u00f4mica Federal anunciou na quinta-feira (24), que far\u00e1 uma redu\u00e7\u00e3o dos juros do programa Casa Verde e Amarela. Segundo o banco, ca\u00edram de&#8230;<\/p>\n","protected":false},"author":1527,"featured_media":38556,"comment_status":"closed","ping_status":"closed","sticky":false,"template":"","format":"standard","meta":{"footnotes":""},"categories":[6],"tags":[],"class_list":["post-38555","post","type-post","status-publish","format-standard","has-post-thumbnail","hentry","category-noticias"],"_links":{"self":[{"href":"https:\/\/www.sincomam.org.br\/index.php\/wp-json\/wp\/v2\/posts\/38555","targetHints":{"allow":["GET"]}}],"collection":[{"href":"https:\/\/www.sincomam.org.br\/index.php\/wp-json\/wp\/v2\/posts"}],"about":[{"href":"https:\/\/www.sincomam.org.br\/index.php\/wp-json\/wp\/v2\/types\/post"}],"author":[{"embeddable":true,"href":"https:\/\/www.sincomam.org.br\/index.php\/wp-json\/wp\/v2\/users\/1527"}],"replies":[{"embeddable":true,"href":"https:\/\/www.sincomam.org.br\/index.php\/wp-json\/wp\/v2\/comments?post=38555"}],"version-history":[{"count":1,"href":"https:\/\/www.sincomam.org.br\/index.php\/wp-json\/wp\/v2\/posts\/38555\/revisions"}],"predecessor-version":[{"id":38557,"href":"https:\/\/www.sincomam.org.br\/index.php\/wp-json\/wp\/v2\/posts\/38555\/revisions\/38557"}],"wp:featuredmedia":[{"embeddable":true,"href":"https:\/\/www.sincomam.org.br\/index.php\/wp-json\/wp\/v2\/media\/38556"}],"wp:attachment":[{"href":"https:\/\/www.sincomam.org.br\/index.php\/wp-json\/wp\/v2\/media?parent=38555"}],"wp:term":[{"taxonomy":"category","embeddable":true,"href":"https:\/\/www.sincomam.org.br\/index.php\/wp-json\/wp\/v2\/categories?post=38555"},{"taxonomy":"post_tag","embeddable":true,"href":"https:\/\/www.sincomam.org.br\/index.php\/wp-json\/wp\/v2\/tags?post=38555"}],"curies":[{"name":"wp","href":"https:\/\/api.w.org\/{rel}","templated":true}]}}