{"id":3855,"date":"2014-02-26T10:11:28","date_gmt":"2014-02-26T13:11:28","guid":{"rendered":"http:\/\/www.sincomam.org.br\/?p=3855"},"modified":"2014-02-26T10:11:28","modified_gmt":"2014-02-26T13:11:28","slug":"tecon-imbituba-recebe-mais-um-servico-da-hamburg-sud","status":"publish","type":"post","link":"https:\/\/www.sincomam.org.br\/index.php\/tecon-imbituba-recebe-mais-um-servico-da-hamburg-sud\/","title":{"rendered":"Tecon Imbituba recebe mais um servi\u00e7o da Hamburg Sud"},"content":{"rendered":"<p><strong><em>Novo servi\u00e7o dever\u00e1 impulsionar a economia regional no mercado interno facilitando o escoamento de cargas \u00e0s regi\u00f5es Norte e Nordeste<\/em><\/strong><\/p>\n<p>O Tecon Imbituba passou a receber mais um servi\u00e7o oferecido pela Hamburg Sud\/ Alian\u00e7a. O navio Alian\u00e7a San Martin atracou no terminal e come\u00e7ou a fazer o transporte de cont\u00eaineres via cabotagem. O navio ter\u00e1 escalas semanais em Imbituba, aportando todo s\u00e1bado pela madrugada com previs\u00e3o de partida no mesmo dia.<\/p>\n<p>O novo servi\u00e7o dever\u00e1 impulsionar a economia regional no mercado interno, j\u00e1 que facilitar\u00e1 o escoamento de cargas \u00e0s regi\u00f5es Norte e Nordeste, especialmente para os portos de S\u00e3o Lu\u00eds, Manaus, Pec\u00e9m, Suape e Salvador. Isso porque os cont\u00eaineres embarcados em Imbituba devem ser descarregados em Santos e de l\u00e1 seguir nos navios da Alian\u00e7a para os destinos finais, beneficiando diretamente produtores do agrobusiness e diversas empresas do Rio Grande do Sul, Santa Catarina e Paran\u00e1.<\/p>\n<p>Outro servi\u00e7o da Hamburg Sud, o UCLA, que j\u00e1 atende a rota Golfo do M\u00e9xico e Caribe com escala semanal em Imbituba vai sofrer mudan\u00e7a e concentrar\u00e1 todo o transbordo destas \u00e1reas e River Plate (Argentina e Uruguai) no porto catarinense.<\/p>\n<p>Fonte: Guia Mar\u00edtimo<\/p>\n","protected":false},"excerpt":{"rendered":"<p>Novo servi\u00e7o dever\u00e1 impulsionar a economia regional no mercado interno facilitando o escoamento de cargas \u00e0s regi\u00f5es Norte e Nordeste O Tecon Imbituba passou a&#8230;<\/p>\n","protected":false},"author":1182,"featured_media":3856,"comment_status":"closed","ping_status":"closed","sticky":false,"template":"","format":"standard","meta":{"footnotes":""},"categories":[6],"tags":[82,587,586,189],"class_list":["post-3855","post","type-post","status-publish","format-standard","has-post-thumbnail","hentry","category-noticias","tag-cabotagem","tag-hamburg-sud-alianca","tag-tecon-imbituba","tag-transporte"],"_links":{"self":[{"href":"https:\/\/www.sincomam.org.br\/index.php\/wp-json\/wp\/v2\/posts\/3855","targetHints":{"allow":["GET"]}}],"collection":[{"href":"https:\/\/www.sincomam.org.br\/index.php\/wp-json\/wp\/v2\/posts"}],"about":[{"href":"https:\/\/www.sincomam.org.br\/index.php\/wp-json\/wp\/v2\/types\/post"}],"author":[{"embeddable":true,"href":"https:\/\/www.sincomam.org.br\/index.php\/wp-json\/wp\/v2\/users\/1182"}],"replies":[{"embeddable":true,"href":"https:\/\/www.sincomam.org.br\/index.php\/wp-json\/wp\/v2\/comments?post=3855"}],"version-history":[{"count":1,"href":"https:\/\/www.sincomam.org.br\/index.php\/wp-json\/wp\/v2\/posts\/3855\/revisions"}],"predecessor-version":[{"id":3857,"href":"https:\/\/www.sincomam.org.br\/index.php\/wp-json\/wp\/v2\/posts\/3855\/revisions\/3857"}],"wp:featuredmedia":[{"embeddable":true,"href":"https:\/\/www.sincomam.org.br\/index.php\/wp-json\/wp\/v2\/media\/3856"}],"wp:attachment":[{"href":"https:\/\/www.sincomam.org.br\/index.php\/wp-json\/wp\/v2\/media?parent=3855"}],"wp:term":[{"taxonomy":"category","embeddable":true,"href":"https:\/\/www.sincomam.org.br\/index.php\/wp-json\/wp\/v2\/categories?post=3855"},{"taxonomy":"post_tag","embeddable":true,"href":"https:\/\/www.sincomam.org.br\/index.php\/wp-json\/wp\/v2\/tags?post=3855"}],"curies":[{"name":"wp","href":"https:\/\/api.w.org\/{rel}","templated":true}]}}