{"id":38548,"date":"2022-03-31T10:29:33","date_gmt":"2022-03-31T13:29:33","guid":{"rendered":"http:\/\/www.sincomam.org.br\/?p=38548"},"modified":"2022-03-31T10:29:33","modified_gmt":"2022-03-31T13:29:33","slug":"operacao-viking-2022-brasil-sedia-maior-exercicio-de-operacoes-de-paz-do-mundo","status":"publish","type":"post","link":"https:\/\/www.sincomam.org.br\/index.php\/operacao-viking-2022-brasil-sedia-maior-exercicio-de-operacoes-de-paz-do-mundo\/","title":{"rendered":"Opera\u00e7\u00e3o Viking 2022: Brasil sedia maior exerc\u00edcio de Opera\u00e7\u00f5es de Paz do mundo"},"content":{"rendered":"<p>Com o objetivo de manter as For\u00e7as Armadas em permanente condi\u00e7\u00e3o de emprego, com capacidades para garantir o ambiente de paz e seguran\u00e7a internacional, o Brasil sedia parte do maior exerc\u00edcio multifuncional simulado em ambiente de miss\u00e3o de paz e respostas a crises internacionais, o Exerc\u00edcio Viking 2022, coordenado pelo Minist\u00e9rio da Defesa.<\/p>\n<p>A atividade ocorre entre os dias 28 de mar\u00e7o e 7 de abril, nas instala\u00e7\u00f5es do Comando Militar do Planalto (CMP), em Bras\u00edlia (DF) e conta com a participa\u00e7\u00e3o de nove pa\u00edses da Associa\u00e7\u00e3o Latino-Americana dos Centros de Treinamento de Opera\u00e7\u00f5es de Paz (ALCOPAZ): Argentina, Bol\u00edvia, Brasil, Chile, Equador, Guatemala, M\u00e9xico, Peru e Uruguai, al\u00e9m de integrantes da Organiza\u00e7\u00e3o das Na\u00e7\u00f5es Unidas (ONU), de Gana, Fran\u00e7a e Su\u00e9cia. Ao todo, o exerc\u00edcio envolve cerca de 1.750 participantes dos quais 276 atuar\u00e3o remotamente. <\/p>\n<p>Em sua 9\u00aa edi\u00e7\u00e3o, o Viking facilitar\u00e1, ainda, o desenvolvimento e experimenta\u00e7\u00e3o de futuras capacidades, m\u00e9todos, conceitos operacionais e melhorias tecnol\u00f3gicas, al\u00e9m de permitir a integra\u00e7\u00e3o de diversas For\u00e7as Militares de diferentes pa\u00edses. Na Opera\u00e7\u00e3o, a Marinha do Brasil (MB) conta com a presen\u00e7a de 14 militares, sendo 13 no Brasil e um participando da dire\u00e7\u00e3o do exerc\u00edcio, na Su\u00e9cia. <\/p>\n<p>O Capit\u00e3o de Mar e Guerra (Fuzileiro Naval) Luis Felippe Valentini da Silva, Coordenador da For\u00e7a Naval no exerc\u00edcio, que j\u00e1 participou de miss\u00f5es de paz como a UNMIL, na Lib\u00e9ria, e a MINUSTAH, no Haiti e dessa vez atua na coordena\u00e7\u00e3o do treinamento, destaca a import\u00e2ncia do evento, sobretudo para a Marinha: \u201cO car\u00e1ter multinacional do exerc\u00edcio permite a troca de experi\u00eancias com militares de diversos pa\u00edses, bem como representantes das diversas ag\u00eancias da ONU. A presen\u00e7a de representantes da Marinha do Brasil neste exerc\u00edcio possibilita a manuten\u00e7\u00e3o da expertise da For\u00e7a nas tarefas de um Estado-Maior em uma miss\u00e3o de paz\u201d.<\/p>\n<p>Na Su\u00e9cia, o Capit\u00e3o de Fragata Rodrigo Ribeiro Gon\u00e7alves Garcia, que j\u00e1 integrou duas miss\u00f5es de paz no L\u00edbano, participa como representante de um Estado-Maior Conjunto e Combinado formado por oficiais da \u00cdndia, Austr\u00e1lia, Bangladesh, Su\u00e9cia, Alemanha, Su\u00ed\u00e7a e Brasil. Nesta parte do treinamento, estes militares se integram aos participantes no Brasil por meio de videoconfer\u00eancias e orienta\u00e7\u00f5es enviadas pela Dire\u00e7\u00e3o do Exerc\u00edcio, onde problemas simulados s\u00e3o repassados para serem solucionados no n\u00edvel t\u00e1tico.<\/p>\n<p>O Brasil, como signat\u00e1rio da Carta das Na\u00e7\u00f5es Unidas, tem contribu\u00eddo com o esfor\u00e7o internacional para a promo\u00e7\u00e3o de paz mundial. A tradi\u00e7\u00e3o brasileira de mais de 70 anos em miss\u00f5es de paz e os resultados alcan\u00e7ados \u2013 mais de 50 opera\u00e7\u00f5es de paz e miss\u00f5es similares \u2013 qualificam o Pa\u00eds como um importante ator no contexto dessas opera\u00e7\u00f5es.<\/p>\n<p>Fonte: Marinha do Brasil<\/p>\n","protected":false},"excerpt":{"rendered":"<p>Com o objetivo de manter as For\u00e7as Armadas em permanente condi\u00e7\u00e3o de emprego, com capacidades para garantir o ambiente de paz e seguran\u00e7a internacional, o&#8230;<\/p>\n","protected":false},"author":1527,"featured_media":38549,"comment_status":"closed","ping_status":"closed","sticky":false,"template":"","format":"standard","meta":{"footnotes":""},"categories":[6],"tags":[],"class_list":["post-38548","post","type-post","status-publish","format-standard","has-post-thumbnail","hentry","category-noticias"],"_links":{"self":[{"href":"https:\/\/www.sincomam.org.br\/index.php\/wp-json\/wp\/v2\/posts\/38548","targetHints":{"allow":["GET"]}}],"collection":[{"href":"https:\/\/www.sincomam.org.br\/index.php\/wp-json\/wp\/v2\/posts"}],"about":[{"href":"https:\/\/www.sincomam.org.br\/index.php\/wp-json\/wp\/v2\/types\/post"}],"author":[{"embeddable":true,"href":"https:\/\/www.sincomam.org.br\/index.php\/wp-json\/wp\/v2\/users\/1527"}],"replies":[{"embeddable":true,"href":"https:\/\/www.sincomam.org.br\/index.php\/wp-json\/wp\/v2\/comments?post=38548"}],"version-history":[{"count":1,"href":"https:\/\/www.sincomam.org.br\/index.php\/wp-json\/wp\/v2\/posts\/38548\/revisions"}],"predecessor-version":[{"id":38550,"href":"https:\/\/www.sincomam.org.br\/index.php\/wp-json\/wp\/v2\/posts\/38548\/revisions\/38550"}],"wp:featuredmedia":[{"embeddable":true,"href":"https:\/\/www.sincomam.org.br\/index.php\/wp-json\/wp\/v2\/media\/38549"}],"wp:attachment":[{"href":"https:\/\/www.sincomam.org.br\/index.php\/wp-json\/wp\/v2\/media?parent=38548"}],"wp:term":[{"taxonomy":"category","embeddable":true,"href":"https:\/\/www.sincomam.org.br\/index.php\/wp-json\/wp\/v2\/categories?post=38548"},{"taxonomy":"post_tag","embeddable":true,"href":"https:\/\/www.sincomam.org.br\/index.php\/wp-json\/wp\/v2\/tags?post=38548"}],"curies":[{"name":"wp","href":"https:\/\/api.w.org\/{rel}","templated":true}]}}