{"id":38545,"date":"2022-03-31T10:24:22","date_gmt":"2022-03-31T13:24:22","guid":{"rendered":"http:\/\/www.sincomam.org.br\/?p=38545"},"modified":"2022-03-31T10:24:22","modified_gmt":"2022-03-31T13:24:22","slug":"novo-rg-veja-o-que-mudou-no-documento-oficial-dos-brasileiros","status":"publish","type":"post","link":"https:\/\/www.sincomam.org.br\/index.php\/novo-rg-veja-o-que-mudou-no-documento-oficial-dos-brasileiros\/","title":{"rendered":"Novo RG: Veja o que mudou no documento oficial dos brasileiros"},"content":{"rendered":"<p>A nova carteira de identidade ser\u00e1 o principal documento de todo brasileiro. Saiba mais sobre as mudan\u00e7as. <\/p>\n<p>Em decreto publicado no Di\u00e1rio Oficial da Uni\u00e3o, no dia 23 de fevereiro, o Governo Federal anunciou o novo RG (Registro Geral. As mudan\u00e7as determinadas, vem, principalmente, para facilitar a identifica\u00e7\u00e3o dos cidad\u00e3os, unificando os dados pessoais. <\/p>\n<p>Al\u00e9m disso, a nova vers\u00e3o do documento, pretende garantir uma maior seguran\u00e7a ao se tratar de prote\u00e7\u00e3o de dados e modernizar o formato da carteira de identidade adotado, at\u00e9 ent\u00e3o. <\/p>\n<p>Conforme o divulgado pelo governo, todos os institutos de identifica\u00e7\u00e3o do pa\u00eds, dever\u00e3o adotar o novo modelo at\u00e9 06 de mar\u00e7o de 2023, de modo que os brasileiros j\u00e1 devem estar com o documento atualizado em m\u00e3os.  <\/p>\n<p>Dito isso, continue sua leitura, tire suas d\u00favidas e confira no decorrer do artigo as mudan\u00e7as estabelecidas para o RG. <\/p>\n<p><strong>Novo RG, entenda o que mudou<\/strong><br \/>\nDentre as principais mudan\u00e7as estabelecidas, a que mais chamou aten\u00e7\u00e3o, foi a unifica\u00e7\u00e3o das numera\u00e7\u00f5es do CPF e RG para todos os cidad\u00e3os brasileiros. Desta maneira apenas ser\u00e1 utilizado um registro, no caso, foi escolhido o n\u00famero do CPF. <\/p>\n<p>Mediante a altera\u00e7\u00e3o, caso a pessoa n\u00e3o possua o registro do CPF, no momento de emitir a identidade, o \u00f3rg\u00e3o de identifica\u00e7\u00e3o local far\u00e1 imediatamente a inscri\u00e7\u00e3o da respectiva numera\u00e7\u00e3o. <\/p>\n<p>A unifica\u00e7\u00e3o das informa\u00e7\u00f5es, utilizando o CPF como cadastro \u00fanico, permitir\u00e1 a utiliza\u00e7\u00e3o do n\u00famero em outros documentos obrigat\u00f3rios aos brasileiros, tais como CNH, T\u00edtulo de Eleitor, Certid\u00e3o de Nascimento, Carteira de Trabalho, entre outros. <\/p>\n<p>Por sua vez, vale ressaltar que o novo RG n\u00e3o substitui a Carteira de Habilita\u00e7\u00e3o ou outros documentos espec\u00edficos, pois cada um deles ainda ter\u00e3o suas finalidades. <\/p>\n<p>Ainda sim, o novo documento ser\u00e1 no padr\u00e3o internacional c\u00f3digo MRZ (Machine Readable Zone), podendo ser utilizado como identifica\u00e7\u00e3o e documento de viagens. Contudo o passaporte ainda ser\u00e1 exigido em viagens fora do Mercosul.  <\/p>\n<p>Outro ponto importante, \u00e9 a aplica\u00e7\u00e3o do Qr code, que por sua vez, permitir\u00e1 acessar os dados do cidad\u00e3o, digitalmente, quando escaneado. Tal medida vem para trazer mais seguran\u00e7a aos dados do cidad\u00e3o frente a falsifica\u00e7\u00f5es, facilitando o processo de autentica\u00e7\u00e3o das informa\u00e7\u00f5es pessoais.    <\/p>\n<p><strong>Quais informa\u00e7\u00f5es estar\u00e3o presentes no novo documento?<\/strong><br \/>\nSobre esta quest\u00e3o, enquanto algumas informa\u00e7\u00f5es ser\u00e3o mantidas, outras ser\u00e3o adicionadas, de forma que a partir de 06\/03\/2023, obrigatoriamente toda Carteira de Identidade deve apresentar as seguintes informa\u00e7\u00f5es<\/p>\n<p>Foto 3\u00d74;<br \/>\nNome completo;<br \/>\nNaturalidade;<br \/>\nData de nascimento;<br \/>\nFilia\u00e7\u00e3o;<br \/>\nAssinatura do titular;<br \/>\nN\u00famero de identifica\u00e7\u00e3o;<br \/>\n\u00d3rg\u00e3o expedidor do documento;<br \/>\nImpress\u00e3o digital do polegar direito;<br \/>\nIdentifica\u00e7\u00e3o se o titular \u00e9 doador de org\u00e3o ou n\u00e3o;<br \/>\nGrupo sangu\u00edneo e fator RH.<br \/>\nO novo modelo poder\u00e1 ser solicitado atrav\u00e9s do aplicativo DNI (Documento Nacional de Identidade) que ainda ser\u00e1 lan\u00e7ado. Para realizar o cadastro ser\u00e1 necess\u00e1rio informar certos dados pessoais como: nome, CPF, filia\u00e7\u00e3o, endere\u00e7o, entre outros. <\/p>\n<p>Fonte: Jornal Contabil<\/p>\n","protected":false},"excerpt":{"rendered":"<p>A nova carteira de identidade ser\u00e1 o principal documento de todo brasileiro. Saiba mais sobre as mudan\u00e7as. Em decreto publicado no Di\u00e1rio Oficial da Uni\u00e3o,&#8230;<\/p>\n","protected":false},"author":1527,"featured_media":38546,"comment_status":"closed","ping_status":"closed","sticky":false,"template":"","format":"standard","meta":{"footnotes":""},"categories":[6],"tags":[],"class_list":["post-38545","post","type-post","status-publish","format-standard","has-post-thumbnail","hentry","category-noticias"],"_links":{"self":[{"href":"https:\/\/www.sincomam.org.br\/index.php\/wp-json\/wp\/v2\/posts\/38545","targetHints":{"allow":["GET"]}}],"collection":[{"href":"https:\/\/www.sincomam.org.br\/index.php\/wp-json\/wp\/v2\/posts"}],"about":[{"href":"https:\/\/www.sincomam.org.br\/index.php\/wp-json\/wp\/v2\/types\/post"}],"author":[{"embeddable":true,"href":"https:\/\/www.sincomam.org.br\/index.php\/wp-json\/wp\/v2\/users\/1527"}],"replies":[{"embeddable":true,"href":"https:\/\/www.sincomam.org.br\/index.php\/wp-json\/wp\/v2\/comments?post=38545"}],"version-history":[{"count":1,"href":"https:\/\/www.sincomam.org.br\/index.php\/wp-json\/wp\/v2\/posts\/38545\/revisions"}],"predecessor-version":[{"id":38547,"href":"https:\/\/www.sincomam.org.br\/index.php\/wp-json\/wp\/v2\/posts\/38545\/revisions\/38547"}],"wp:featuredmedia":[{"embeddable":true,"href":"https:\/\/www.sincomam.org.br\/index.php\/wp-json\/wp\/v2\/media\/38546"}],"wp:attachment":[{"href":"https:\/\/www.sincomam.org.br\/index.php\/wp-json\/wp\/v2\/media?parent=38545"}],"wp:term":[{"taxonomy":"category","embeddable":true,"href":"https:\/\/www.sincomam.org.br\/index.php\/wp-json\/wp\/v2\/categories?post=38545"},{"taxonomy":"post_tag","embeddable":true,"href":"https:\/\/www.sincomam.org.br\/index.php\/wp-json\/wp\/v2\/tags?post=38545"}],"curies":[{"name":"wp","href":"https:\/\/api.w.org\/{rel}","templated":true}]}}