{"id":38528,"date":"2022-03-30T08:31:18","date_gmt":"2022-03-30T11:31:18","guid":{"rendered":"http:\/\/www.sincomam.org.br\/?p=38528"},"modified":"2022-03-30T02:33:32","modified_gmt":"2022-03-30T05:33:32","slug":"com5odn-recebe-controle-operativo-de-aeronave-super-cougar-uh-15","status":"publish","type":"post","link":"https:\/\/www.sincomam.org.br\/index.php\/com5odn-recebe-controle-operativo-de-aeronave-super-cougar-uh-15\/","title":{"rendered":"Com5\u00baDN recebe controle operativo de Aeronave Super Cougar (UH-15)"},"content":{"rendered":"<p>Em cerim\u00f4nia realizada no 1\u00ba Esquadr\u00e3o de Helic\u00f3pteros de Emprego Geral do Sul, o Comando do 5\u00ba Distrito Naval (Com5\u00baDN) recebeu, no dia 26 de mar\u00e7o, o controle operativo de uma aeronave UH-15 Super Cougar. A aeronave permanecer\u00e1 em esta\u00e7\u00e3o de opera\u00e7\u00e3o, sediada em Rio Grande (RS), at\u00e9 setembro desse ano, e prover\u00e1 um incremento nas capacidades operativas, log\u00edsticas e de busca e salvamento na regi\u00e3o.<\/p>\n<p>O Super Cougar pode proporcionar um afastamento de terra sobre o mar de 150MN (277KM), opera em condi\u00e7\u00f5es meteorol\u00f3gicas de voo por instrumentos (IMC) e \u00e9 possuidora de modernos sistemas de navega\u00e7\u00e3o. As caracter\u00edsticas evidenciam suas potencialidades de emprego com o foco na salvaguarda da vida humana no mar, passando a ser importante meio aeronaval pertencente \u00e0 estrutura do Salvamar Sul (Servi\u00e7o de Busca e Salvamento Mar\u00edtimo da Regi\u00e3o Sul), o qual abrange os Estados do Rio Grande do Sul e de Santa Catarina.<\/p>\n<p>Adicionalmente, ser\u00e1 empregada em apoio conjunto com as unidades navais e de\u00a0<a title=\"Fuzileiros Navais\" href=\"https:\/\/defesaemfoco.com.br\/forcas-armadas\/marinha-do-brasil\/fuzileiros-navais\/\" data-internallinksmanager029f6b8e52c=\"4\">Fuzileiros Navais<\/a>, bem como em atividades de inspe\u00e7\u00e3o naval, transporte administrativo, transporte de carga, combate a inc\u00eandio, apoio humanit\u00e1rio e em in\u00fameras outras a\u00e7\u00f5es de emprego geral, contribuindo sobremaneira para o fortalecimento das atividades operativas da Marinha no sul do Brasil.<\/p>\n<p>A cerim\u00f4nia contou com a presen\u00e7a do Comandante do 5\u00ba Distrito Naval, Vice-Almirante S\u00edlvio Lu\u00eds dos Santos, e do Comandante da For\u00e7a Aeronaval, Contra-Almirante Jos\u00e9 Vicente de Alvarenga Filho.<\/p>\n<p>Fonte: Defesa em Foco<\/p>\n","protected":false},"excerpt":{"rendered":"<p>Em cerim\u00f4nia realizada no 1\u00ba Esquadr\u00e3o de Helic\u00f3pteros de Emprego Geral do Sul, o Comando do 5\u00ba Distrito Naval (Com5\u00baDN) recebeu, no dia 26 de&#8230;<\/p>\n","protected":false},"author":1527,"featured_media":38529,"comment_status":"closed","ping_status":"closed","sticky":false,"template":"","format":"standard","meta":{"footnotes":""},"categories":[6],"tags":[],"class_list":["post-38528","post","type-post","status-publish","format-standard","has-post-thumbnail","hentry","category-noticias"],"_links":{"self":[{"href":"https:\/\/www.sincomam.org.br\/index.php\/wp-json\/wp\/v2\/posts\/38528","targetHints":{"allow":["GET"]}}],"collection":[{"href":"https:\/\/www.sincomam.org.br\/index.php\/wp-json\/wp\/v2\/posts"}],"about":[{"href":"https:\/\/www.sincomam.org.br\/index.php\/wp-json\/wp\/v2\/types\/post"}],"author":[{"embeddable":true,"href":"https:\/\/www.sincomam.org.br\/index.php\/wp-json\/wp\/v2\/users\/1527"}],"replies":[{"embeddable":true,"href":"https:\/\/www.sincomam.org.br\/index.php\/wp-json\/wp\/v2\/comments?post=38528"}],"version-history":[{"count":1,"href":"https:\/\/www.sincomam.org.br\/index.php\/wp-json\/wp\/v2\/posts\/38528\/revisions"}],"predecessor-version":[{"id":38530,"href":"https:\/\/www.sincomam.org.br\/index.php\/wp-json\/wp\/v2\/posts\/38528\/revisions\/38530"}],"wp:featuredmedia":[{"embeddable":true,"href":"https:\/\/www.sincomam.org.br\/index.php\/wp-json\/wp\/v2\/media\/38529"}],"wp:attachment":[{"href":"https:\/\/www.sincomam.org.br\/index.php\/wp-json\/wp\/v2\/media?parent=38528"}],"wp:term":[{"taxonomy":"category","embeddable":true,"href":"https:\/\/www.sincomam.org.br\/index.php\/wp-json\/wp\/v2\/categories?post=38528"},{"taxonomy":"post_tag","embeddable":true,"href":"https:\/\/www.sincomam.org.br\/index.php\/wp-json\/wp\/v2\/tags?post=38528"}],"curies":[{"name":"wp","href":"https:\/\/api.w.org\/{rel}","templated":true}]}}