{"id":38522,"date":"2022-03-30T08:27:19","date_gmt":"2022-03-30T11:27:19","guid":{"rendered":"http:\/\/www.sincomam.org.br\/?p=38522"},"modified":"2022-03-30T02:28:32","modified_gmt":"2022-03-30T05:28:32","slug":"autoridade-portuaria-de-itajai-completa-dois-anos-de-resolucao-contra-a-covid-19","status":"publish","type":"post","link":"https:\/\/www.sincomam.org.br\/index.php\/autoridade-portuaria-de-itajai-completa-dois-anos-de-resolucao-contra-a-covid-19\/","title":{"rendered":"AUTORIDADE PORTU\u00c1RIA DE ITAJA\u00cd COMPLETA DOIS ANOS DE RESOLU\u00c7\u00c3O CONTRA \u00c0 COVID-19"},"content":{"rendered":"<p>A Superintend\u00eancia do Porto de Itaja\u00ed, em 19 de mar\u00e7o de 2020, publicou a Resolu\u00e7\u00e3o\u00a0<strong>N\u00ba 007<\/strong>\u00a0que apresentava medidas para conter a prolifera\u00e7\u00e3o do coronav\u00edrus na sede administrativa, pr\u00e9dio do CIA (Centro Integrado de Atendimento), Guarda Portu\u00e1ria (COSEG), e \u00e1rea portu\u00e1ria.<\/p>\n<p>No m\u00eas de mar\u00e7o de 2022, a Autoridade Portu\u00e1ria completa seus dois anos, desde que a medida entrou em vigor por meio de Decreto Estadual publicado em 17 de mar\u00e7o de 2020. A regulamenta\u00e7\u00e3o possui sete cap\u00edtulos que descrevem os protocolos para reduzir a infec\u00e7\u00e3o e o contagio pela covid-19, objetivando o melhor enfrentamento da pandemia.<\/p>\n<p>Essa conten\u00e7\u00e3o tamb\u00e9m veio em conson\u00e2ncia com Itaja\u00ed. Em 18 de mar\u00e7o, o munic\u00edpio completou dois anos da vacina\u00e7\u00e3o em massa, e seu envolvimento com secretarias, funda\u00e7\u00f5es e autarquias, como \u00e9 o caso da Superintend\u00eancia do Porto de Itaja\u00ed, seguiu todas as indica\u00e7\u00f5es e normativas propostas, objetivando e garantindo a preven\u00e7\u00e3o da sede administrativa e da \u00e1rea portu\u00e1ria \u2013 consolidando sua pr\u00f3pria central de monitoramento, com equipamentos de prote\u00e7\u00e3o a material educativo.<\/p>\n<p>\u201cDevido ao aumento de casos de Covid-19, o Porto de Itaja\u00ed precisou adotar maneiras de lidar com a situa\u00e7\u00e3o. Portanto, com a resolu\u00e7\u00e3o estabelecida no m\u00eas de mar\u00e7o de 2020, seguiu-se com o processo de conten\u00e7\u00e3o ao coronav\u00edrus, na tentativa de preservar a sa\u00fade e integridade dos trabalhadores portu\u00e1rios e demais servidores da sede administrativa. Para nossa alegria, n\u00e3o tivemos o registro de nenhum \u00f3bito ocorrido pela Covid-19 ao longo destes dois anos, e, mesmo assim, o porto n\u00e3o parou sequer um dia de atuar tanto em suas opera\u00e7\u00f5es, e tamb\u00e9m no setor administrativo. Tivemos que atender a sociedade de forma diferenciada, mas sempre foram atendidos pelo nosso efetivo. Nossos encontros de forma presencial se transformaram por meio de agendas e reuni\u00f5es atrav\u00e9s de videoconfer\u00eancias, nossos eventos realizados em nosso audit\u00f3rio tiveram que ser cancelados por um longo per\u00edodo, somente depois, com muita seguran\u00e7a voltamos a fazer nossos encontros de forma hibrida, no modo virtual e presencial, respeitando o distanciamento entre as pessoas, e, acima de tudo, obedecendo todos os protocolos de seguran\u00e7a\u201d, esclareceu o Superintendente do Porto de Itaja\u00ed,\u00a0<strong>F\u00e1bio da Veiga<\/strong>.<\/p>\n<p>O regime no \u00e2mbito da autarquia proporcionou, tamb\u00e9m, uma equipe de sa\u00fade gerenciada pela Coordena\u00e7\u00e3o do Meio Ambiente Seguran\u00e7a do Trabalho e Sustentabilidade (COAMB), diariamente \u00e0 disposi\u00e7\u00e3o dos servidores para assessorar poss\u00edveis casos suspeitos e ativos. Bem como um portal informativo interno, intitulado \u2018Boletim Coronav\u00edrus\u2019, para melhor identifica\u00e7\u00e3o dos casos confirmados, curados, suspeitos e descartados, e apresentar aos trabalhadores a atual situa\u00e7\u00e3o do Porto de Itaja\u00ed e Autoridade Portu\u00e1ria.<\/p>\n<p>O\u00a0<strong>Enfrenta Porto<\/strong>, projeto fruto do programa\u00a0<strong>Porto Saud\u00e1vel<\/strong>\u00a0(COAMB), tamb\u00e9m colaborou com a conten\u00e7\u00e3o e combate \u00e0 covid-19. Por meio dele, foram realizadas in\u00fameras sess\u00f5es de triagens, limpezas de alto n\u00edvel e monitoramento de 48 horas \u2013 realizados pela equipe de sa\u00fade. Ao colaborador, caso testasse positivo, ele era afastado e dava-se in\u00edcio a uma limpeza de alto reparo, feito para a preven\u00e7\u00e3o da sa\u00fade dos demais trabalhadores na \u00e1rea de servi\u00e7o onde estava o infectado. O \u00e1lcool em gel e os tapetes sanit\u00e1rios para limpeza eficiente tamb\u00e9m eram encontrados nas entradas.<\/p>\n<p>A regulamenta\u00e7\u00e3o abriu espa\u00e7o para a cria\u00e7\u00e3o de outras atividades com fundo educativo dentro do projeto, como a s\u00e9rie de Di\u00e1logos de Conscientiza\u00e7\u00e3o, Atendimento em sa\u00fade e Monitoramento de casos suspeitos e positivos dispon\u00edveis ao longo da semana. Por\u00e9m, devido ao decreto\u00a0<strong>n\u00ba 1.769<\/strong>, publicado pelo Governo do Estado em 02 de mar\u00e7o de 2022, a Autoridade Portu\u00e1ria atualmente mant\u00e9m como facultativo o uso de m\u00e1scaras dentro de sua \u00e1rea administrativa.<\/p>\n<p>Na \u00e1rea portu\u00e1ria, no entanto, o uso de m\u00e1scaras ainda \u00e9 mantido como uso obrigat\u00f3rio, seguindo as resolu\u00e7\u00f5es propostas pela Ag\u00eancia Nacional de Vigil\u00e2ncia Sanit\u00e1ria, Anvisa, (<strong>RDC n \u00ba 605 e RDC n \u00ba 584<\/strong>) que solicita o uso da m\u00e1scara na \u00e1rea de cont\u00eaineres e do distanciamento social nestes estabelecimentos.<\/p>\n<p>\u201cAs medidas contra a covid-19 ainda continuam. Houve libera\u00e7\u00e3o do uso de m\u00e1scaras devido ao decreto estadual, que foi aderido pelo munic\u00edpio, por\u00e9m estas medidas, na \u00e1rea portu\u00e1ria, alfandeg\u00e1ria, continuam sendo necess\u00e1rias, e, no pr\u00e9dio da Superintend\u00eancia do Porto de Itaja\u00ed, est\u00e3o sendo disponibilizando na parte do setor de cadastramento\u201d, esclarece\u00a0<strong>M\u00e9delin Pitrez dos Santos<\/strong>, Coordenadora do Meio Ambiente, Seguran\u00e7a do Trabalho e Sustentabilidade.<\/p>\n<p>Dessa forma, a regulamenta\u00e7\u00e3o implantada no m\u00eas de mar\u00e7o de 2020, assim como o Enfrenta Porto, com um enfoque maior em retirar d\u00favidas e informativos educativos, permitiram que a seguran\u00e7a nos ambientes da superintend\u00eancia e \u00e1rea portu\u00e1ria existisse, e o n\u00fameros de pessoas infectadas fosse reduzido, o que proporcionou locais de livre acesso, e distante de casos que provocassem o aumento da transmiss\u00e3o.<\/p>\n<p>\u201cEsse assessoramento dos trabalhadores foi muito importante, porque com o monitoramento virtual eles se sentiram acolhidos, ajudados, e isso tamb\u00e9m serviu para reduzir a preocupa\u00e7\u00e3o e tirar as d\u00favidas deles. A equipe de sa\u00fade teve um papel importante e ajudou muito nesse sentido\u201d, conclui M\u00e9delin.<\/p>\n<p>&nbsp;<\/p>\n<p>Fonte: Informativo dos Portos<\/p>\n","protected":false},"excerpt":{"rendered":"<p>A Superintend\u00eancia do Porto de Itaja\u00ed, em 19 de mar\u00e7o de 2020, publicou a Resolu\u00e7\u00e3o\u00a0N\u00ba 007\u00a0que apresentava medidas para conter a prolifera\u00e7\u00e3o do coronav\u00edrus na&#8230;<\/p>\n","protected":false},"author":1527,"featured_media":38523,"comment_status":"closed","ping_status":"closed","sticky":false,"template":"","format":"standard","meta":{"footnotes":""},"categories":[6],"tags":[],"class_list":["post-38522","post","type-post","status-publish","format-standard","has-post-thumbnail","hentry","category-noticias"],"_links":{"self":[{"href":"https:\/\/www.sincomam.org.br\/index.php\/wp-json\/wp\/v2\/posts\/38522","targetHints":{"allow":["GET"]}}],"collection":[{"href":"https:\/\/www.sincomam.org.br\/index.php\/wp-json\/wp\/v2\/posts"}],"about":[{"href":"https:\/\/www.sincomam.org.br\/index.php\/wp-json\/wp\/v2\/types\/post"}],"author":[{"embeddable":true,"href":"https:\/\/www.sincomam.org.br\/index.php\/wp-json\/wp\/v2\/users\/1527"}],"replies":[{"embeddable":true,"href":"https:\/\/www.sincomam.org.br\/index.php\/wp-json\/wp\/v2\/comments?post=38522"}],"version-history":[{"count":1,"href":"https:\/\/www.sincomam.org.br\/index.php\/wp-json\/wp\/v2\/posts\/38522\/revisions"}],"predecessor-version":[{"id":38524,"href":"https:\/\/www.sincomam.org.br\/index.php\/wp-json\/wp\/v2\/posts\/38522\/revisions\/38524"}],"wp:featuredmedia":[{"embeddable":true,"href":"https:\/\/www.sincomam.org.br\/index.php\/wp-json\/wp\/v2\/media\/38523"}],"wp:attachment":[{"href":"https:\/\/www.sincomam.org.br\/index.php\/wp-json\/wp\/v2\/media?parent=38522"}],"wp:term":[{"taxonomy":"category","embeddable":true,"href":"https:\/\/www.sincomam.org.br\/index.php\/wp-json\/wp\/v2\/categories?post=38522"},{"taxonomy":"post_tag","embeddable":true,"href":"https:\/\/www.sincomam.org.br\/index.php\/wp-json\/wp\/v2\/tags?post=38522"}],"curies":[{"name":"wp","href":"https:\/\/api.w.org\/{rel}","templated":true}]}}