{"id":38513,"date":"2022-03-30T08:22:21","date_gmt":"2022-03-30T11:22:21","guid":{"rendered":"http:\/\/www.sincomam.org.br\/?p=38513"},"modified":"2022-03-30T02:23:29","modified_gmt":"2022-03-30T05:23:29","slug":"tres-arrendamentos-de-terminais-movimentam-setor-portuario-nesta-quarta-feira","status":"publish","type":"post","link":"https:\/\/www.sincomam.org.br\/index.php\/tres-arrendamentos-de-terminais-movimentam-setor-portuario-nesta-quarta-feira\/","title":{"rendered":"Tr\u00eas arrendamentos de terminais movimentam setor portu\u00e1rio nesta quarta-feira"},"content":{"rendered":"<p>A Ag\u00eancia Nacional de Transportes Aquavi\u00e1rios (Antaq) e o Minist\u00e9rio da Infraestrutura promovem leil\u00e3o, nesta ter\u00e7a-veira (30), dos terminais STS11, no Porto de Santos (SP), e do Terminal SUA07, no Porto de Suape (PE). As sess\u00f5es p\u00fablicas ser\u00e3o realizadas em S\u00e3o Paulo, na B3. No mesmo dia e local, a Portos do Paran\u00e1 realiza leil\u00e3o da \u00e1rea PAR32, no Porto de Paranagu\u00e1.<\/p>\n<p>Este ser\u00e1 o segundo leil\u00e3o conduzido pela Administra\u00e7\u00e3o dos Portos do Paran\u00e1. A PAR32 fica no lado oeste do cais e tem 6,6 mil metros quadrados. Destinado, em especial, a cargas de a\u00e7\u00facar, o terminal j\u00e1 tem uma estrutura f\u00edsica, ou seja, n\u00e3o \u00e9 greenfield. O crit\u00e9rio de licita\u00e7\u00e3o ser\u00e1 o maior valor de outorga e a estimativa de custos de investimento (Capex) \u00e9 de cerca de R$ 4,17 milh\u00f5es.<\/p>\n<p>O prazo do novo arrendamento ser\u00e1 de 10 anos, prorrog\u00e1veis.<\/p>\n<p>Com 6.651 m\u00b2, ser\u00e1 concedida \u00e0 iniciativa privada mediante licita\u00e7\u00e3o na modalidade leil\u00e3o. Ser\u00e3o R$ 128,5 milh\u00f5es em investimentos, incluindo custos operacionais.<\/p>\n<p>A estimativa de custos de investimento (Capex) \u00e9 de cerca de R$ 4,17 milh\u00f5es.<\/p>\n<p>SANTOS &#8211; O terminal STS 11, destinado a gran\u00e9is s\u00f3lidos vegetais, localiza-se no bairro Paquet\u00e1, na margem direita do Porto de Santos. O terminal tem proje\u00e7\u00e3o de investimentos totais de R$ 764,8 milh\u00f5es. Os recursos ser\u00e3o destinados \u00e0 moderniza\u00e7\u00e3o e aumento de capacidade do agroneg\u00f3cio na regi\u00e3o, notadamente soja em gr\u00e3os, farelo de soja, milho, a\u00e7\u00facar e desembarque de trigo.<\/p>\n<p>O terminal ser\u00e1 instalado em duas fases, com 62 mil metros quadrados na primeira chegando a 98,2 mil metros quadrados na segunda etapa.<\/p>\n<p>O empreendimento contar\u00e1 com dois ber\u00e7os de atraca\u00e7\u00e3o exclusivos, ter\u00e1 capacidade para armazenar 490 mil toneladas e para movimentar 14,5 milh\u00f5es de toneladas por ano. O arrendamento ser\u00e1 v\u00e1lido por 25 anos.<\/p>\n<p>SUAPE &#8211; J\u00e1 o Terminal SUA07, no Porto de Suape, tem 72 mil metros quadrados e fica localizada na retro\u00e1rea do Cais 5. Ser\u00e1 destinado \u00e0 movimenta\u00e7\u00e3o de gran\u00e9is vegetais, gran\u00e9is minerais e carga geral.<\/p>\n<p>O projeto dever\u00e1 render, nos pr\u00f3ximos meses, investimentos da ordem de R$ 59,8 milh\u00f5es ao atracadouro pernambucano. O valor m\u00ednimo de outorga ser\u00e1 de R$ 1,00.<\/p>\n<p>O terminal a ser licitado, atualmente sob contrato de transi\u00e7\u00e3o \u00e0 empresa pernambucana M&amp;G S\u00e3o Caetano, foi projetado para movimentar e armazenar gran\u00e9is vegetais e minerais, e carga geral. O prazo contratual ser\u00e1 de 25 anos, com celebra\u00e7\u00e3o de contrato previsto neste ano e in\u00edcio das opera\u00e7\u00f5es em 2024. A \u00e1rea est\u00e1 localizada no porto interno de Suape, na margem oposta ao Estaleiro Atl\u00e2ntico Sul (EAS).<\/p>\n<p>A futura empresa arrendat\u00e1ria dever\u00e1 realizar investimentos para que o terminal seja dotado de capacidade est\u00e1tica m\u00ednima total de 12 mil toneladas, al\u00e9m da aquisi\u00e7\u00e3o de sistemas de recep\u00e7\u00e3o rodovi\u00e1ria, sistema transportador de correias e equipamentos equivalentes para garantir a produtividade (prancha m\u00e9dia geral) de 549 t\/h (toneladas por hora) e 128 t\/h, para a movimenta\u00e7\u00e3o de coque de petr\u00f3leo e a\u00e7\u00facar ensacado, respectivamente.<\/p>\n<p>&nbsp;<\/p>\n<p>Fonte: Portos e Navios<\/p>\n","protected":false},"excerpt":{"rendered":"<p>A Ag\u00eancia Nacional de Transportes Aquavi\u00e1rios (Antaq) e o Minist\u00e9rio da Infraestrutura promovem leil\u00e3o, nesta ter\u00e7a-veira (30), dos terminais STS11, no Porto de Santos (SP),&#8230;<\/p>\n","protected":false},"author":1527,"featured_media":38514,"comment_status":"closed","ping_status":"closed","sticky":false,"template":"","format":"standard","meta":{"footnotes":""},"categories":[6],"tags":[],"class_list":["post-38513","post","type-post","status-publish","format-standard","has-post-thumbnail","hentry","category-noticias"],"_links":{"self":[{"href":"https:\/\/www.sincomam.org.br\/index.php\/wp-json\/wp\/v2\/posts\/38513","targetHints":{"allow":["GET"]}}],"collection":[{"href":"https:\/\/www.sincomam.org.br\/index.php\/wp-json\/wp\/v2\/posts"}],"about":[{"href":"https:\/\/www.sincomam.org.br\/index.php\/wp-json\/wp\/v2\/types\/post"}],"author":[{"embeddable":true,"href":"https:\/\/www.sincomam.org.br\/index.php\/wp-json\/wp\/v2\/users\/1527"}],"replies":[{"embeddable":true,"href":"https:\/\/www.sincomam.org.br\/index.php\/wp-json\/wp\/v2\/comments?post=38513"}],"version-history":[{"count":1,"href":"https:\/\/www.sincomam.org.br\/index.php\/wp-json\/wp\/v2\/posts\/38513\/revisions"}],"predecessor-version":[{"id":38515,"href":"https:\/\/www.sincomam.org.br\/index.php\/wp-json\/wp\/v2\/posts\/38513\/revisions\/38515"}],"wp:featuredmedia":[{"embeddable":true,"href":"https:\/\/www.sincomam.org.br\/index.php\/wp-json\/wp\/v2\/media\/38514"}],"wp:attachment":[{"href":"https:\/\/www.sincomam.org.br\/index.php\/wp-json\/wp\/v2\/media?parent=38513"}],"wp:term":[{"taxonomy":"category","embeddable":true,"href":"https:\/\/www.sincomam.org.br\/index.php\/wp-json\/wp\/v2\/categories?post=38513"},{"taxonomy":"post_tag","embeddable":true,"href":"https:\/\/www.sincomam.org.br\/index.php\/wp-json\/wp\/v2\/tags?post=38513"}],"curies":[{"name":"wp","href":"https:\/\/api.w.org\/{rel}","templated":true}]}}