{"id":38508,"date":"2022-03-29T08:26:02","date_gmt":"2022-03-29T11:26:02","guid":{"rendered":"http:\/\/www.sincomam.org.br\/?p=38508"},"modified":"2022-03-29T00:32:22","modified_gmt":"2022-03-29T03:32:22","slug":"mudancas-no-programa-br-do-mar-sao-promulgadas","status":"publish","type":"post","link":"https:\/\/www.sincomam.org.br\/index.php\/mudancas-no-programa-br-do-mar-sao-promulgadas\/","title":{"rendered":"Mudan\u00e7as no programa BR do Mar s\u00e3o promulgadas"},"content":{"rendered":"<p>Trechos do <span id=\"4485\" class=\"termoGlossario\" title=\"\" contenteditable=\"false\" data-toggle=\"tooltip\" data-placement=\"top\" data-original-title=\"Ocorre quando o presidente da Rep\u00fablica recusa, totalmente ou em parte, projeto aprovado pelo Congresso Nacional. Para que o veto seja derrubado, e o projeto se torne lei, s\u00e3o precisos os votos de 257 deputados e 41 senadores.\">veto<\/span> presidencial ao projeto que criou o Programa de Est\u00edmulo ao Transporte por Cabotagem, conhecido como BR do Mar, foram reinseridos na <a class=\"linkLegislacao\" href=\"https:\/\/www2.camara.gov.br\/legin\/fed\/lei\/2022\/lei-14301-7-janeiro-2022-792221-norma-pl.html\">Lei 14.301\/22<\/a> e promulgados na sexta-feira (25).<\/p>\n<p>Essa lei teve origem no Projeto de Lei 4199\/20, do Poder Executivo, <a href=\"https:\/\/www.camara.leg.br\/noticias\/839390-CAMARA-APROVA-PROJETO-DE-ESTIMULO-A-NAVEGACAO-ENTRE-PORTOS-NACIONAIS;-TEXTO-SEGUE-PARA-SANCAO\">aprovado pela \u00a0C\u00e2mara em dezembro do ano passado.<\/a>\u00a0O texto foi relatado pelo deputado <a href=\"https:\/\/www.camara.leg.br\/deputados\/204442\">Gurgel (PSL-RJ)<\/a>.<\/p>\n<p><a href=\"https:\/\/www.camara.leg.br\/noticias\/843903-SANCIONADA,-COM-VETOS,-LEI-QUE-ESTIMULA-NAVEGACAO-ENTRE-PORTOS-NACIONAIS\">O governo havia vetado alguns dispositivos<\/a>, entre eles o que mudava a al\u00edquota do Adicional ao Frete para a Renova\u00e7\u00e3o da Marinha Mercante (AFRMM), taxa paga por cada frete feito no Brasil para bancar um fundo para compra e manuten\u00e7\u00e3o de navios; e o que previa a recria\u00e7\u00e3o do Reporto.<\/p>\n<p>O Reporto suspende a cobran\u00e7a do <span id=\"4186\" class=\"termoGlossario\" title=\"\" contenteditable=\"false\" data-toggle=\"tooltip\" data-placement=\"top\" data-original-title=\"Imposto sobre Produtos Industrializados (IPI): Imposto cobrado pelo governo federal que incide sobre os produtos fabricados no Pa\u00eds ou importados. A al\u00edquota varia conforme o produto.\">IPI<\/span>, do <span id=\"4110\" class=\"termoGlossario\" title=\"\" contenteditable=\"false\" data-toggle=\"tooltip\" data-placement=\"top\" data-original-title=\"O Programa de Integra\u00e7\u00e3o Social (PIS) e o Programa de Forma\u00e7\u00e3o do Patrim\u00f4nio do Servidor P\u00fablico (Pasep) formam um \u00fanico fundo mantido pelas pessoas jur\u00eddicas, com exce\u00e7\u00e3o das micro e pequenas empresas optantes pelo regime tribut\u00e1rio Simples Nacional. As al\u00edquotas das contribui\u00e7\u00f5es variam de 0,65% a 1,65% sobre o total das receitas. Esses recursos s\u00e3o destinados aos trabalhadores em forma de rendimentos ou abonos salariais.\">PIS<\/span>, da <span id=\"4104\" class=\"termoGlossario\" title=\"\" contenteditable=\"false\" data-toggle=\"tooltip\" data-placement=\"top\" data-original-title=\"Tributo que incide sobre a receita das pessoas jur\u00eddicas de direito privado, exceto as empresas submetidas ao Simples Nacional. Os recursos arrecadados s\u00e3o exclusivos da Uni\u00e3o e destinam-se ao financiamento da sa\u00fade, previd\u00eancia e assist\u00eancia social.\">Cofins<\/span> e do Imposto de Importa\u00e7\u00e3o na compra de m\u00e1quinas, equipamentos e outros bens para os terminais portu\u00e1rios.<\/p>\n<p>A Presid\u00eancia da Rep\u00fablica argumentou que a recria\u00e7\u00e3o desse benef\u00edcio contrariava o interesse p\u00fablico, pois implicaria ren\u00fancia de receitas sem a apresenta\u00e7\u00e3o da estimativa do impacto or\u00e7ament\u00e1rio e financeiro e das medidas compensat\u00f3rias.<\/p>\n<p>O governo disse ainda que o Reporto \u201ccriaria uma subjetividade no que poderia ou n\u00e3o ser contemplado pelos benef\u00edcios com possibilidade de desvios para outros usos\u201d.<\/p>\n<p>Deputados e senadores discordaram e <a href=\"https:\/\/www.camara.leg.br\/noticias\/859212-CONGRESSO-DERRUBA-SETE-VETOS-PRESIDENCIAIS-NESTA-QUINTA-FEIRA\">derrubaram o veto no \u00faltimo dia 17.<\/a><\/p>\n<ul>\n<li><a href=\"https:\/\/www.camara.leg.br\/noticias\/573454-SAIBA-MAIS-SOBRE-A-TRAMITACAO-DE-PROJETOS-DE-LEI\">Saiba mais sobre a tramita\u00e7\u00e3o de projetos de lei<\/a><\/li>\n<\/ul>\n<p>Fonte: Ag\u00eancia C\u00e2mara de Not\u00edcias<\/p>\n","protected":false},"excerpt":{"rendered":"<p>Trechos do veto presidencial ao projeto que criou o Programa de Est\u00edmulo ao Transporte por Cabotagem, conhecido como BR do Mar, foram reinseridos na Lei&#8230;<\/p>\n","protected":false},"author":1527,"featured_media":38115,"comment_status":"closed","ping_status":"closed","sticky":false,"template":"","format":"standard","meta":{"footnotes":""},"categories":[6],"tags":[],"class_list":["post-38508","post","type-post","status-publish","format-standard","has-post-thumbnail","hentry","category-noticias"],"_links":{"self":[{"href":"https:\/\/www.sincomam.org.br\/index.php\/wp-json\/wp\/v2\/posts\/38508","targetHints":{"allow":["GET"]}}],"collection":[{"href":"https:\/\/www.sincomam.org.br\/index.php\/wp-json\/wp\/v2\/posts"}],"about":[{"href":"https:\/\/www.sincomam.org.br\/index.php\/wp-json\/wp\/v2\/types\/post"}],"author":[{"embeddable":true,"href":"https:\/\/www.sincomam.org.br\/index.php\/wp-json\/wp\/v2\/users\/1527"}],"replies":[{"embeddable":true,"href":"https:\/\/www.sincomam.org.br\/index.php\/wp-json\/wp\/v2\/comments?post=38508"}],"version-history":[{"count":1,"href":"https:\/\/www.sincomam.org.br\/index.php\/wp-json\/wp\/v2\/posts\/38508\/revisions"}],"predecessor-version":[{"id":38509,"href":"https:\/\/www.sincomam.org.br\/index.php\/wp-json\/wp\/v2\/posts\/38508\/revisions\/38509"}],"wp:featuredmedia":[{"embeddable":true,"href":"https:\/\/www.sincomam.org.br\/index.php\/wp-json\/wp\/v2\/media\/38115"}],"wp:attachment":[{"href":"https:\/\/www.sincomam.org.br\/index.php\/wp-json\/wp\/v2\/media?parent=38508"}],"wp:term":[{"taxonomy":"category","embeddable":true,"href":"https:\/\/www.sincomam.org.br\/index.php\/wp-json\/wp\/v2\/categories?post=38508"},{"taxonomy":"post_tag","embeddable":true,"href":"https:\/\/www.sincomam.org.br\/index.php\/wp-json\/wp\/v2\/tags?post=38508"}],"curies":[{"name":"wp","href":"https:\/\/api.w.org\/{rel}","templated":true}]}}