{"id":38494,"date":"2022-03-29T08:30:24","date_gmt":"2022-03-29T11:30:24","guid":{"rendered":"http:\/\/www.sincomam.org.br\/?p=38494"},"modified":"2022-03-29T00:08:58","modified_gmt":"2022-03-29T03:08:58","slug":"escola-naval-sedia-seletiva-para-os-jogos-mundiais-de-cadetes","status":"publish","type":"post","link":"https:\/\/www.sincomam.org.br\/index.php\/escola-naval-sedia-seletiva-para-os-jogos-mundiais-de-cadetes\/","title":{"rendered":"Escola Naval sedia seletiva para os Jogos Mundiais de Cadetes"},"content":{"rendered":"<p>A Escola Naval (EN) sediou, nos dias 19 e 20 de mar\u00e7o, as seletivas das modalidades Voleibol e Nata\u00e7\u00e3o para o 3\u00ba Jogos Mundiais de Cadetes. A seletiva, disputada entre Aspirantes da EN e Cadetes da Academia Militar das Agulhas Negras (AMAN) e Academia da For\u00e7a A\u00e9rea (AFA), tem o objetivo de selecionar o campe\u00e3o de cada prova para representar o Brasil na competi\u00e7\u00e3o que ser\u00e1 realizada em agosto de 2022 em S\u00e3o Petersburgo, R\u00fassia.<\/p>\n<p>No Voleibol, foram realizados tr\u00eas jogos entre as equipes das Academias. A equipe da AMAN sagrou-se campe\u00e3. Ap\u00f3s os jogos, tr\u00eas Aspirantes foram convocados para compor a sele\u00e7\u00e3o de cadetes que disputar\u00e1 o mundial: Waetge, Nikolas Costa e Kanayama.<\/p>\n<p>Na Nata\u00e7\u00e3o, das 15 provas disputadas, a EN conquistou a vaga em seis. No masculino, os Aspirantes Jo\u00e3o Gomes e Leonardo Braga conquistaram a primeira coloca\u00e7\u00e3o nas provas de 400m livre e 100m costas, respectivamente. J\u00e1 no feminino, destacaram-se as aspirantes Julia Portugal, vencedora da prova de 200m livre, e a aspirante Helena Monteiro, que venceu as provas de 200m nado medley, 100m peito e 50m livre.<\/p>\n<p>Ao longo dos pr\u00f3ximos meses, a Seletiva ter\u00e1 continuidade na AMAN, nos dias 26 e 27 de mar\u00e7o, com as disputas de Tiro e Pentatlo Militar. J\u00e1 nos dias 2 e 3 de abril os Aspirantes e Cadetes ir\u00e3o \u00e0 Universidade da For\u00e7a A\u00e9rea, a fim de disputar as vagas de Atletismo e Orienta\u00e7\u00e3o.<\/p>\n<p>Fonte: Defesa em Foco<\/p>\n","protected":false},"excerpt":{"rendered":"<p>A Escola Naval (EN) sediou, nos dias 19 e 20 de mar\u00e7o, as seletivas das modalidades Voleibol e Nata\u00e7\u00e3o para o 3\u00ba Jogos Mundiais de&#8230;<\/p>\n","protected":false},"author":1527,"featured_media":38495,"comment_status":"closed","ping_status":"closed","sticky":false,"template":"","format":"standard","meta":{"footnotes":""},"categories":[6],"tags":[],"class_list":["post-38494","post","type-post","status-publish","format-standard","has-post-thumbnail","hentry","category-noticias"],"_links":{"self":[{"href":"https:\/\/www.sincomam.org.br\/index.php\/wp-json\/wp\/v2\/posts\/38494","targetHints":{"allow":["GET"]}}],"collection":[{"href":"https:\/\/www.sincomam.org.br\/index.php\/wp-json\/wp\/v2\/posts"}],"about":[{"href":"https:\/\/www.sincomam.org.br\/index.php\/wp-json\/wp\/v2\/types\/post"}],"author":[{"embeddable":true,"href":"https:\/\/www.sincomam.org.br\/index.php\/wp-json\/wp\/v2\/users\/1527"}],"replies":[{"embeddable":true,"href":"https:\/\/www.sincomam.org.br\/index.php\/wp-json\/wp\/v2\/comments?post=38494"}],"version-history":[{"count":1,"href":"https:\/\/www.sincomam.org.br\/index.php\/wp-json\/wp\/v2\/posts\/38494\/revisions"}],"predecessor-version":[{"id":38496,"href":"https:\/\/www.sincomam.org.br\/index.php\/wp-json\/wp\/v2\/posts\/38494\/revisions\/38496"}],"wp:featuredmedia":[{"embeddable":true,"href":"https:\/\/www.sincomam.org.br\/index.php\/wp-json\/wp\/v2\/media\/38495"}],"wp:attachment":[{"href":"https:\/\/www.sincomam.org.br\/index.php\/wp-json\/wp\/v2\/media?parent=38494"}],"wp:term":[{"taxonomy":"category","embeddable":true,"href":"https:\/\/www.sincomam.org.br\/index.php\/wp-json\/wp\/v2\/categories?post=38494"},{"taxonomy":"post_tag","embeddable":true,"href":"https:\/\/www.sincomam.org.br\/index.php\/wp-json\/wp\/v2\/tags?post=38494"}],"curies":[{"name":"wp","href":"https:\/\/api.w.org\/{rel}","templated":true}]}}