{"id":38491,"date":"2022-03-29T08:30:33","date_gmt":"2022-03-29T11:30:33","guid":{"rendered":"http:\/\/www.sincomam.org.br\/?p=38491"},"modified":"2022-03-29T00:07:12","modified_gmt":"2022-03-29T03:07:12","slug":"medida-provisoria-define-novas-regras-para-o-auxilio-alimentacao","status":"publish","type":"post","link":"https:\/\/www.sincomam.org.br\/index.php\/medida-provisoria-define-novas-regras-para-o-auxilio-alimentacao\/","title":{"rendered":"Medida provis\u00f3ria define novas regras para o aux\u00edlio-alimenta\u00e7\u00e3o"},"content":{"rendered":"<p>A medida provis\u00f3ria que estabelece novas regras para o aux\u00edlio-alimenta\u00e7\u00e3o, benef\u00edcio que \u00e9 pago aos trabalhadores formais, foi publicada hoje (28) no Di\u00e1rio Oficial da Uni\u00e3o (DOU). A norma tamb\u00e9m traz dispositivos sobre teletrabalho e outras regras trabalhistas, anunciadas na sexta-feira (25) pelo governo.<\/p>\n<p>A MP define que o aux\u00edlio-alimenta\u00e7\u00e3o deve ser usado &#8220;exclusivamente para o pagamento de refei\u00e7\u00f5es em restaurantes e estabelecimentos similares ou para a aquisi\u00e7\u00e3o de g\u00eaneros aliment\u00edcios em estabelecimentos comerciais&#8221;.<\/p>\n<p>A nova regra pretende fechar qualquer brecha na legisla\u00e7\u00e3o que permita que o benef\u00edcio seja utilizado para outras finalidades, depois de o governo ter identificado o uso para servi\u00e7o como o pagamento de assinaturas de TV, entre outros.<\/p>\n<p>A MP tamb\u00e9m pro\u00edbe o des\u00e1gio, seja para contratante ou para o contratado, sobre o valor a ser transferido aos trabalhadores de uma empresa. A pr\u00e1tica \u00e9 conhecida como \u201ctaxa negativa\u201d no mercado, e \u00e9 muito empregada por fornecedores de cart\u00f5es de aux\u00edlio-alimenta\u00e7\u00e3o, que oferecem descontos para conseguir os contratos.<\/p>\n<p>Com a medida, o governo pretende que os pre\u00e7os de refei\u00e7\u00f5es e alimentos sofram redu\u00e7\u00e3o, uma vez que o custo do des\u00e1gio ser compensado taxas maiores sobre os estabelecimentos, que por sua vez repassam os valores ao consumidor final.<\/p>\n<p>A pr\u00e1tica de \u201cdesvio de finalidade\u201d do aux\u00edlio-alimenta\u00e7\u00e3o passa agora tamb\u00e9m a ser sujeita a multa de R$ 5 mil a R$ 50 mil, podendo ser aplicada em dobro em caso de reincid\u00eancia.<\/p>\n<p>A medida provis\u00f3ria, assinada pelo presidente Jair Bolsonaro, tem vig\u00eancia inicial at\u00e9 26 de maio. O prazo \u00e9 renovado automaticamente por mais 60 dias, caso o Congresso n\u00e3o aprove a MP no prazo.<\/p>\n<p>Fonte: Ag\u00eancia Brasil<\/p>\n","protected":false},"excerpt":{"rendered":"<p>A medida provis\u00f3ria que estabelece novas regras para o aux\u00edlio-alimenta\u00e7\u00e3o, benef\u00edcio que \u00e9 pago aos trabalhadores formais, foi publicada hoje (28) no Di\u00e1rio Oficial da&#8230;<\/p>\n","protected":false},"author":1527,"featured_media":38492,"comment_status":"closed","ping_status":"closed","sticky":false,"template":"","format":"standard","meta":{"footnotes":""},"categories":[6],"tags":[],"class_list":["post-38491","post","type-post","status-publish","format-standard","has-post-thumbnail","hentry","category-noticias"],"_links":{"self":[{"href":"https:\/\/www.sincomam.org.br\/index.php\/wp-json\/wp\/v2\/posts\/38491","targetHints":{"allow":["GET"]}}],"collection":[{"href":"https:\/\/www.sincomam.org.br\/index.php\/wp-json\/wp\/v2\/posts"}],"about":[{"href":"https:\/\/www.sincomam.org.br\/index.php\/wp-json\/wp\/v2\/types\/post"}],"author":[{"embeddable":true,"href":"https:\/\/www.sincomam.org.br\/index.php\/wp-json\/wp\/v2\/users\/1527"}],"replies":[{"embeddable":true,"href":"https:\/\/www.sincomam.org.br\/index.php\/wp-json\/wp\/v2\/comments?post=38491"}],"version-history":[{"count":1,"href":"https:\/\/www.sincomam.org.br\/index.php\/wp-json\/wp\/v2\/posts\/38491\/revisions"}],"predecessor-version":[{"id":38493,"href":"https:\/\/www.sincomam.org.br\/index.php\/wp-json\/wp\/v2\/posts\/38491\/revisions\/38493"}],"wp:featuredmedia":[{"embeddable":true,"href":"https:\/\/www.sincomam.org.br\/index.php\/wp-json\/wp\/v2\/media\/38492"}],"wp:attachment":[{"href":"https:\/\/www.sincomam.org.br\/index.php\/wp-json\/wp\/v2\/media?parent=38491"}],"wp:term":[{"taxonomy":"category","embeddable":true,"href":"https:\/\/www.sincomam.org.br\/index.php\/wp-json\/wp\/v2\/categories?post=38491"},{"taxonomy":"post_tag","embeddable":true,"href":"https:\/\/www.sincomam.org.br\/index.php\/wp-json\/wp\/v2\/tags?post=38491"}],"curies":[{"name":"wp","href":"https:\/\/api.w.org\/{rel}","templated":true}]}}