{"id":38485,"date":"2022-03-28T11:36:56","date_gmt":"2022-03-28T14:36:56","guid":{"rendered":"http:\/\/www.sincomam.org.br\/?p=38485"},"modified":"2022-03-28T11:36:56","modified_gmt":"2022-03-28T14:36:56","slug":"no-reino-unido-po-substitui-800-maritimos-por-tripulacao-mais-barata","status":"publish","type":"post","link":"https:\/\/www.sincomam.org.br\/index.php\/no-reino-unido-po-substitui-800-maritimos-por-tripulacao-mais-barata\/","title":{"rendered":"No Reino Unido, P&#038;O substitui 800 mar\u00edtimos por tripula\u00e7\u00e3o mais barata"},"content":{"rendered":"<div>\n<p>A medida controversa provocou indigna\u00e7\u00e3o de pol\u00edticos e trabalhadores, muitos dos quais se recusaram a deixar os navios em que s\u00e3o passageiros. Isso levou a cenas incr\u00edveis de seguran\u00e7as com algemas sendo usadas para remov\u00ea-los. O porto mais movimentado da Gr\u00e3-Bretanha, Dover, agora est\u00e1 enfrentando graves atrasos como resultado, com amea\u00e7as de um impasse, j\u00e1 que os sindicatos instaram seus membros a desafiar quaisquer instru\u00e7\u00f5es para deixar os navios da P&amp;O.<\/p>\n<\/div>\n<div>\n<p>O governo do Reino Unido, assim como v\u00e1rios parlamentares e membros do partido da oposi\u00e7\u00e3o, criticaram fortemente a P&amp;O sobre como lidou com o an\u00fancio.<\/p>\n<div class=\"code-block code-block-2\">\n<div>\n<p>Agora, Farage se juntou \u00e0queles que se aproximam do gigante das balsas, com o ex-deputado ex-deputado furioso que a mudan\u00e7a da P&amp;O destr\u00f3i completamente o que \u00e9 o Brexit.<\/p>\n<p>Ele escreveu no Twitter: \u201c\u00c9 uma vergonha que trabalhadores estrangeiros baratos substituam 800 funcion\u00e1rios demitidos da P&amp;O Ferries.<\/p>\n<p>\u201cO Brexit foi sobre colocar nosso povo em primeiro lugar.\u201d<\/p>\n<\/div>\n<div>\n<p>A not\u00edcia chocante dos 800 mar\u00edtimos sendo demitidos foi entregue aos trabalhadores da P&amp;O por meio de uma mensagem de v\u00eddeo pr\u00e9-gravada, que viu um executivo da empresa anunciar: \u201cA empresa tem lutado financeiramente nos \u00faltimos anos e perdeu cerca de 100 milh\u00f5es de libras por ano para os \u00faltimos dois anos.<\/p>\n<p>\u201cEmbora essas perdas tenham sido cobertas pela DP World, controladora da P&amp;O, claramente n\u00e3o \u00e9 sustent\u00e1vel para o futuro. A empresa n\u00e3o pode continuar a operar assim, por isso teve que considerar uma s\u00e9rie de op\u00e7\u00f5es diferentes para reduzir drasticamente os custos.<\/p>\n<p>\u201cEssas circunst\u00e2ncias resultaram em uma decis\u00e3o muito dif\u00edcil, mas necess\u00e1ria, de reestruturar a for\u00e7a de trabalho e as opera\u00e7\u00f5es da P&amp;O para proteger o futuro do neg\u00f3cio.<\/p>\n<p>\u201cIsso s\u00f3 foi levado a s\u00e9rio depois de considerar todas as op\u00e7\u00f5es dispon\u00edveis.<\/p>\n<div class=\"code-block code-block-3\">\n<div>\n<p>O ministro dos Transportes, Robert Courts, lan\u00e7ou um ataque contundente contra a P&amp;O ao ouvir a not\u00edcia de substituir os 800 trabalhadores por funcion\u00e1rios mais baratos da ag\u00eancia.<\/p>\n<p>Fazendo uma declara\u00e7\u00e3o de emerg\u00eancia \u00e0 C\u00e2mara dos Comuns, ele disse: \u201cRelatos de trabalhadores que receberam aviso zero e escoltados para fora de seus navios com efeito imediato, enquanto eram informados de que alternativas mais baratas assumiriam seus pap\u00e9is, mostram a maneira insens\u00edvel pela qual a P&amp;O abordou essa quest\u00e3o. , um ponto que deixei bem claro para a administra\u00e7\u00e3o da P&amp;O quando falei com eles esta tarde.<\/p>\n<p>\u201cEstou extremamente preocupado e francamente irritado com a forma como os trabalhadores foram tratados pela P&amp;O.\u201d<\/p>\n<p>O l\u00edder do Partido Trabalhista, Sir Keir Starmer, disse \u00e0 BBC Radio Humberside: \u201cIsso s\u00f3 faz meu sangue ferver. \u00c9 uma trai\u00e7\u00e3o completa \u00e0 for\u00e7a de trabalho. \u00c9 simplesmente nojento.<\/p>\n<\/div>\n<div>\n<p>\u201cEsta \u00e9 uma empresa que teve licen\u00e7a durante a crise do Covid. \u00c9 absolutamente nojento o que eles est\u00e3o tentando fazer. Eles n\u00e3o podem se safar disso.<\/p>\n<p>\u201cEu s\u00f3 gostaria que o governo tivesse feito o que dissemos e fortalecido os direitos trabalhistas para que eles n\u00e3o pudessem fazer esse tipo de coisa.<\/p>\n<p>\u201cO governo disse que ia lidar com esse tipo de situa\u00e7\u00e3o. N\u00e3o o fez.\u201d<\/p>\n<p>Fonte: Not\u00edcia Plu7<\/p>\n<\/div>\n<\/div>\n<\/div>\n<\/div>\n<\/div>\n","protected":false},"excerpt":{"rendered":"<p>A medida controversa provocou indigna\u00e7\u00e3o de pol\u00edticos e trabalhadores, muitos dos quais se recusaram a deixar os navios em que s\u00e3o passageiros. Isso levou a&#8230;<\/p>\n","protected":false},"author":1527,"featured_media":38486,"comment_status":"closed","ping_status":"closed","sticky":false,"template":"","format":"standard","meta":{"footnotes":""},"categories":[6],"tags":[],"class_list":["post-38485","post","type-post","status-publish","format-standard","has-post-thumbnail","hentry","category-noticias"],"_links":{"self":[{"href":"https:\/\/www.sincomam.org.br\/index.php\/wp-json\/wp\/v2\/posts\/38485","targetHints":{"allow":["GET"]}}],"collection":[{"href":"https:\/\/www.sincomam.org.br\/index.php\/wp-json\/wp\/v2\/posts"}],"about":[{"href":"https:\/\/www.sincomam.org.br\/index.php\/wp-json\/wp\/v2\/types\/post"}],"author":[{"embeddable":true,"href":"https:\/\/www.sincomam.org.br\/index.php\/wp-json\/wp\/v2\/users\/1527"}],"replies":[{"embeddable":true,"href":"https:\/\/www.sincomam.org.br\/index.php\/wp-json\/wp\/v2\/comments?post=38485"}],"version-history":[{"count":1,"href":"https:\/\/www.sincomam.org.br\/index.php\/wp-json\/wp\/v2\/posts\/38485\/revisions"}],"predecessor-version":[{"id":38487,"href":"https:\/\/www.sincomam.org.br\/index.php\/wp-json\/wp\/v2\/posts\/38485\/revisions\/38487"}],"wp:featuredmedia":[{"embeddable":true,"href":"https:\/\/www.sincomam.org.br\/index.php\/wp-json\/wp\/v2\/media\/38486"}],"wp:attachment":[{"href":"https:\/\/www.sincomam.org.br\/index.php\/wp-json\/wp\/v2\/media?parent=38485"}],"wp:term":[{"taxonomy":"category","embeddable":true,"href":"https:\/\/www.sincomam.org.br\/index.php\/wp-json\/wp\/v2\/categories?post=38485"},{"taxonomy":"post_tag","embeddable":true,"href":"https:\/\/www.sincomam.org.br\/index.php\/wp-json\/wp\/v2\/tags?post=38485"}],"curies":[{"name":"wp","href":"https:\/\/api.w.org\/{rel}","templated":true}]}}