{"id":38481,"date":"2022-03-28T11:24:24","date_gmt":"2022-03-28T14:24:24","guid":{"rendered":"http:\/\/www.sincomam.org.br\/?p=38481"},"modified":"2022-03-28T11:24:24","modified_gmt":"2022-03-28T14:24:24","slug":"porto-de-imbituba-lanca-programa-de-integracao-e-boas-praticas-para-ampliar-seguranca-porto-cidade","status":"publish","type":"post","link":"https:\/\/www.sincomam.org.br\/index.php\/porto-de-imbituba-lanca-programa-de-integracao-e-boas-praticas-para-ampliar-seguranca-porto-cidade\/","title":{"rendered":"PORTO DE IMBITUBA LAN\u00c7A PROGRAMA DE INTEGRA\u00c7\u00c3O E BOAS PR\u00c1TICAS PARA AMPLIAR SEGURAN\u00c7A PORTO-CIDADE"},"content":{"rendered":"<p dir=\"ltr\">Em uma iniciativa conjunta da SCPAR Porto de Imbituba e SEST SENAT Florian\u00f3polis, foi lan\u00e7ado na ter\u00e7a-feira (22) o Programa de Integra\u00e7\u00e3o e Boas Pr\u00e1ticas no Porto de Imbituba. A a\u00e7\u00e3o \u00e9 parte dos trabalhos de melhoria no eixo Educa\u00e7\u00e3o e Conscientiza\u00e7\u00e3o, da Comiss\u00e3o de Transporte de Cargas, grupo formado no \u00e2mbito do Conselho de Autoridade Portu\u00e1ria (CAP) para discutir formas de aprimorar a rela\u00e7\u00e3o Porto-cidade nesse quesito. O evento de lan\u00e7amento contou ainda com a participa\u00e7\u00e3o do OGMO, operadores portu\u00e1rios e Departamento Municipal de Tr\u00e2nsito (Demutran).<\/p>\n<p dir=\"ltr\">Para o diretor-presidente da SCPAR Porto de Imbituba, F\u00e1bio Riera, \u201cesta \u00e9 uma a\u00e7\u00e3o preventiva para elevar a mentalidade de seguran\u00e7a no Porto e mitigar os poss\u00edveis impactos negativos do transporte de cargas, gerenciando os problemas de maneira conjunta\u201d. O gestor cita outras iniciativas que j\u00e1 est\u00e3o em andamento, tais como, o uso de sopradores e\u00a0 a doa\u00e7\u00e3o recente de uma varredeira para a prefeitura, por parte dos operadores.<\/p>\n<p dir=\"ltr\">O pontap\u00e9 inicial do Programa foi dado com um workshop de apresenta\u00e7\u00e3o aos representantes dos operadores e transportadoras, realizado no Centro de Atividades M\u00faltiplas. A primeira a\u00e7\u00e3o tem dura\u00e7\u00e3o de 1 ano e abrange inicialmente a capacita\u00e7\u00e3o dos motoristas de transporte de cargas, buscando ampliar a seguran\u00e7a no tr\u00e2nsito interno e externo ao Porto.<\/p>\n<p dir=\"ltr\">\u201cQueremos fortalecer uma cultura geral de procedimentos de seguran\u00e7a dos agentes que atuam no Porto, aumentando ainda mais os n\u00edveis de seguran\u00e7a das atividades portu\u00e1rias, tanto no tr\u00e2nsito interno, quanto no trajeto externo dos condutores\u201d, afirma Juliano Blanco, engenheiro de Seguran\u00e7a do Trabalho da Autoridade Portu\u00e1ria e ponto focal no Porto de Imbituba.<\/p>\n<p dir=\"ltr\">A unidade de Florian\u00f3polis do SEST SENAT \u00e9 a entidade respons\u00e1vel pela execu\u00e7\u00e3o dos treinamentos e certifica\u00e7\u00e3o do programa. O curso tem dura\u00e7\u00e3o total de 4 horas e ocorrer\u00e1 de forma online, via plataforma Google Teams. Tamb\u00e9m ser\u00e3o realizadas edi\u00e7\u00f5es presenciais no Porto de Imbituba, conforme a demanda. O conte\u00fado program\u00e1tico foi elaborado de forma conjunta com a equipe de Sa\u00fade, Seguran\u00e7a e Meio Ambiente da Autoridade Portu\u00e1ria e inclui o refor\u00e7o das normas internas e de seguran\u00e7a no transporte interno de cargas, al\u00e9m de no\u00e7\u00f5es de dire\u00e7\u00e3o defensiva.<\/p>\n<p dir=\"ltr\">Ap\u00f3s a fase de apresenta\u00e7\u00e3o, iniciou-se ainda esta semana a etapa de cadastro dos motoristas no SEST SENAT, que vai at\u00e9 23 de abril. Os cursos s\u00e3o gratuitos e iniciam dia 10 de abril. A partir de 1\u00ba de julho, o certificado de participa\u00e7\u00e3o passar\u00e1 a ser solicitado para libera\u00e7\u00e3o de acesso dos caminhoneiros.<\/p>\n<p><span id=\"m_72108028836198767m_6512098566010886996m_-7928399014509842307m_-1338525702701137067m_-2662400364507053827m_4319221614623698668gmail-docs-internal-guid-8ce8b5a6-7fff-25bc-3b8b-7156a25a669e\">Durante o encontro, Patr\u00edcia Ferreira, diretora da unidade do SEST SENAT Florian\u00f3polis, explicou que sua equipe est\u00e1 \u00e0 disposi\u00e7\u00e3o para responder todas as d\u00favidas quanto ao curso e \u00e0 matr\u00edcula e que ser\u00e3o oferecidas turmas em todos os per\u00edodos do dia e aos finais de semana, conforme demanda. A unidade pode ser contatada no e-mail\u00a0<a href=\"mailto:florianopolis.sc@sestsenat.org.br\" target=\"_blank\" rel=\"noopener\">florianopolis.sc@sestsenat.<wbr \/>org.br<\/a>, ou telefones (48) 3281-6203 (com Whatsapp) e (48) 3281-6206. Tamb\u00e9m est\u00e3o dispon\u00edveis reuni\u00f5es semanais de esclarecimento, toda sexta-feira, das 14h \u00e0s 15h, via Google Teams. Para participar da reuni\u00e3o, basta solicitar por email o link de acesso.<\/span><\/p>\n<p>Fonte: Informativo dos Portos<\/p>\n","protected":false},"excerpt":{"rendered":"<p>Em uma iniciativa conjunta da SCPAR Porto de Imbituba e SEST SENAT Florian\u00f3polis, foi lan\u00e7ado na ter\u00e7a-feira (22) o Programa de Integra\u00e7\u00e3o e Boas Pr\u00e1ticas&#8230;<\/p>\n","protected":false},"author":1527,"featured_media":38482,"comment_status":"closed","ping_status":"closed","sticky":false,"template":"","format":"standard","meta":{"footnotes":""},"categories":[6],"tags":[],"class_list":["post-38481","post","type-post","status-publish","format-standard","has-post-thumbnail","hentry","category-noticias"],"_links":{"self":[{"href":"https:\/\/www.sincomam.org.br\/index.php\/wp-json\/wp\/v2\/posts\/38481","targetHints":{"allow":["GET"]}}],"collection":[{"href":"https:\/\/www.sincomam.org.br\/index.php\/wp-json\/wp\/v2\/posts"}],"about":[{"href":"https:\/\/www.sincomam.org.br\/index.php\/wp-json\/wp\/v2\/types\/post"}],"author":[{"embeddable":true,"href":"https:\/\/www.sincomam.org.br\/index.php\/wp-json\/wp\/v2\/users\/1527"}],"replies":[{"embeddable":true,"href":"https:\/\/www.sincomam.org.br\/index.php\/wp-json\/wp\/v2\/comments?post=38481"}],"version-history":[{"count":1,"href":"https:\/\/www.sincomam.org.br\/index.php\/wp-json\/wp\/v2\/posts\/38481\/revisions"}],"predecessor-version":[{"id":38483,"href":"https:\/\/www.sincomam.org.br\/index.php\/wp-json\/wp\/v2\/posts\/38481\/revisions\/38483"}],"wp:featuredmedia":[{"embeddable":true,"href":"https:\/\/www.sincomam.org.br\/index.php\/wp-json\/wp\/v2\/media\/38482"}],"wp:attachment":[{"href":"https:\/\/www.sincomam.org.br\/index.php\/wp-json\/wp\/v2\/media?parent=38481"}],"wp:term":[{"taxonomy":"category","embeddable":true,"href":"https:\/\/www.sincomam.org.br\/index.php\/wp-json\/wp\/v2\/categories?post=38481"},{"taxonomy":"post_tag","embeddable":true,"href":"https:\/\/www.sincomam.org.br\/index.php\/wp-json\/wp\/v2\/tags?post=38481"}],"curies":[{"name":"wp","href":"https:\/\/api.w.org\/{rel}","templated":true}]}}