{"id":38478,"date":"2022-03-28T11:09:23","date_gmt":"2022-03-28T14:09:23","guid":{"rendered":"http:\/\/www.sincomam.org.br\/?p=38478"},"modified":"2022-03-28T11:09:23","modified_gmt":"2022-03-28T14:09:23","slug":"xxviii-cooperaportos-vai-tratar-dos-novos-desafios-do-setor-e-da-questao-ambiental","status":"publish","type":"post","link":"https:\/\/www.sincomam.org.br\/index.php\/xxviii-cooperaportos-vai-tratar-dos-novos-desafios-do-setor-e-da-questao-ambiental\/","title":{"rendered":"XXVIII COOPERAPORTOS VAI TRATAR DOS NOVOS DESAFIOS DO SETOR E DA QUEST\u00c3O AMBIENTAL"},"content":{"rendered":"<p>A ANTAQ e a Empresa Maranhense de Administra\u00e7\u00e3o Portu\u00e1ria (Emap-Porto do Itaqui) realizar\u00e3o, nos dias 28 e 29 de mar\u00e7o, o XXVIII CooperaPortos. O tema desta primeira reuni\u00e3o do grupo ser\u00e1 para tratar dos \u201cNovos Desafios ao Setor Portu\u00e1rio\u201d.<\/p>\n<p>O objetivo do Encontro \u00e9 promover o di\u00e1logo entre os diversos atores da gest\u00e3o portu\u00e1ria, possibilitando o debate e a busca de solu\u00e7\u00f5es para a atua\u00e7\u00e3o dos portos frente aos desafios de sua opera\u00e7\u00e3o, bem como a troca de experi\u00eancia e de difus\u00e3o de boas pr\u00e1ticas, al\u00e9m do di\u00e1logo interinstitucional.<\/p>\n<p>Nesta edi\u00e7\u00e3o ser\u00e3o discutidos temas como a adapta\u00e7\u00e3o dos setores portu\u00e1rio e mar\u00edtimo a mudan\u00e7as clim\u00e1ticas, bem como as novas legisla\u00e7\u00f5es ambientais, entre elas o decreto de promulga\u00e7\u00e3o da conven\u00e7\u00e3o internacional de controle e gerenciamento de \u00e1gua lastro e o decreto que instituiu o novo Plano Nacional de Conting\u00eancia para acidentes com \u00f3leo em \u00e1guas brasileiras.<\/p>\n<p>A reuni\u00e3o acontecer\u00e1 virtualmente por meio da plataforma Zoom. A abertura oficial ocorrer\u00e1 a partir das 14h e contar\u00e1 com as presen\u00e7as do diretor substituto da Ag\u00eancia, Jos\u00e9 Renato Fialho, e do presidente da Emap, Ted Lago.<\/p>\n<p>Inscreva-se pelo link:\u00a0<a class=\"external-link\" title=\"\" href=\"https:\/\/bit.ly\/3qwfkHE\" target=\"_self\" rel=\"noopener\" data-tippreview-enabled=\"false\" data-tippreview-image=\"\" data-tippreview-title=\"\">https:\/\/bit.ly\/3qwfkHE<\/a><\/p>\n","protected":false},"excerpt":{"rendered":"<p>A ANTAQ e a Empresa Maranhense de Administra\u00e7\u00e3o Portu\u00e1ria (Emap-Porto do Itaqui) realizar\u00e3o, nos dias 28 e 29 de mar\u00e7o, o XXVIII CooperaPortos. O tema&#8230;<\/p>\n","protected":false},"author":1527,"featured_media":38479,"comment_status":"closed","ping_status":"closed","sticky":false,"template":"","format":"standard","meta":{"footnotes":""},"categories":[6],"tags":[],"class_list":["post-38478","post","type-post","status-publish","format-standard","has-post-thumbnail","hentry","category-noticias"],"_links":{"self":[{"href":"https:\/\/www.sincomam.org.br\/index.php\/wp-json\/wp\/v2\/posts\/38478","targetHints":{"allow":["GET"]}}],"collection":[{"href":"https:\/\/www.sincomam.org.br\/index.php\/wp-json\/wp\/v2\/posts"}],"about":[{"href":"https:\/\/www.sincomam.org.br\/index.php\/wp-json\/wp\/v2\/types\/post"}],"author":[{"embeddable":true,"href":"https:\/\/www.sincomam.org.br\/index.php\/wp-json\/wp\/v2\/users\/1527"}],"replies":[{"embeddable":true,"href":"https:\/\/www.sincomam.org.br\/index.php\/wp-json\/wp\/v2\/comments?post=38478"}],"version-history":[{"count":1,"href":"https:\/\/www.sincomam.org.br\/index.php\/wp-json\/wp\/v2\/posts\/38478\/revisions"}],"predecessor-version":[{"id":38480,"href":"https:\/\/www.sincomam.org.br\/index.php\/wp-json\/wp\/v2\/posts\/38478\/revisions\/38480"}],"wp:featuredmedia":[{"embeddable":true,"href":"https:\/\/www.sincomam.org.br\/index.php\/wp-json\/wp\/v2\/media\/38479"}],"wp:attachment":[{"href":"https:\/\/www.sincomam.org.br\/index.php\/wp-json\/wp\/v2\/media?parent=38478"}],"wp:term":[{"taxonomy":"category","embeddable":true,"href":"https:\/\/www.sincomam.org.br\/index.php\/wp-json\/wp\/v2\/categories?post=38478"},{"taxonomy":"post_tag","embeddable":true,"href":"https:\/\/www.sincomam.org.br\/index.php\/wp-json\/wp\/v2\/tags?post=38478"}],"curies":[{"name":"wp","href":"https:\/\/api.w.org\/{rel}","templated":true}]}}