{"id":38475,"date":"2022-03-28T11:02:06","date_gmt":"2022-03-28T14:02:06","guid":{"rendered":"http:\/\/www.sincomam.org.br\/?p=38475"},"modified":"2022-03-28T11:02:06","modified_gmt":"2022-03-28T14:02:06","slug":"concessoes-a-iniciativa-privada-injetam-aproximadamente-r-306-milhoes-no-porto-do-itaqui","status":"publish","type":"post","link":"https:\/\/www.sincomam.org.br\/index.php\/concessoes-a-iniciativa-privada-injetam-aproximadamente-r-306-milhoes-no-porto-do-itaqui\/","title":{"rendered":"CONCESS\u00d5ES \u00c0 INICIATIVA PRIVADA INJETAM APROXIMADAMENTE R$ 306 MILH\u00d5ES NO PORTO DO ITAQUI"},"content":{"rendered":"<p>Tr\u00eas empreendimentos inaugurados nesta quinta-feira (24) representam a inje\u00e7\u00e3o de R$ 306,05 milh\u00f5es em investimentos privados no Porto do Itaqui, no Maranh\u00e3o. As obras do Ber\u00e7o 99, constru\u00eddo pela Suzano, a expans\u00e3o do Terminal 1, da Granel Qu\u00edmica, e a implanta\u00e7\u00e3o do Dique 4, pela Ultracargo, v\u00e3o aumentar a capacidade de escoamento da produ\u00e7\u00e3o pelo terminal maranhense e refor\u00e7ar a seguran\u00e7a das opera\u00e7\u00f5es no local.<\/p>\n<p>O Ber\u00e7o 99 teve R$ 143,3 milh\u00f5es em investimentos e ajudar\u00e1 no desembarque e embarque de navios, aumentando a movimenta\u00e7\u00e3o de carga do porto para 2,5 milh\u00f5es de toneladas ao ano. J\u00e1 a expans\u00e3o do terminal 1 recebeu R$ 82 milh\u00f5es, garantindo a instala\u00e7\u00e3o de uma nova bacia com 4 tanques de 3.000 m\u00b3, 2 tanques com capacidade de 4.500m\u00b3, uma plataforma de carga e descarga de caminh\u00f5es tanque, duas unidades de bombeamento para transfer\u00eancia de produtos e duas balan\u00e7as rodovi\u00e1rias.<\/p>\n<p>O investimento de R$ 80,75 milh\u00f5es na implanta\u00e7\u00e3o do Dique 4 viabilizou mais sete tanques em a\u00e7o em carbono, al\u00e9m de estruturas associadas \u00e0 interliga\u00e7\u00e3o e seguran\u00e7a operacional. O aumento do escoamento atender\u00e1 melhor tanto a demanda do estado do Maranh\u00e3o quanto a de estados vizinhos.<\/p>\n<p>&nbsp;<\/p>\n<p>Fonte: Informativo dos Portos<\/p>\n","protected":false},"excerpt":{"rendered":"<p>Tr\u00eas empreendimentos inaugurados nesta quinta-feira (24) representam a inje\u00e7\u00e3o de R$ 306,05 milh\u00f5es em investimentos privados no Porto do Itaqui, no Maranh\u00e3o. As obras do&#8230;<\/p>\n","protected":false},"author":1527,"featured_media":38476,"comment_status":"closed","ping_status":"closed","sticky":false,"template":"","format":"standard","meta":{"footnotes":""},"categories":[6],"tags":[],"class_list":["post-38475","post","type-post","status-publish","format-standard","has-post-thumbnail","hentry","category-noticias"],"_links":{"self":[{"href":"https:\/\/www.sincomam.org.br\/index.php\/wp-json\/wp\/v2\/posts\/38475","targetHints":{"allow":["GET"]}}],"collection":[{"href":"https:\/\/www.sincomam.org.br\/index.php\/wp-json\/wp\/v2\/posts"}],"about":[{"href":"https:\/\/www.sincomam.org.br\/index.php\/wp-json\/wp\/v2\/types\/post"}],"author":[{"embeddable":true,"href":"https:\/\/www.sincomam.org.br\/index.php\/wp-json\/wp\/v2\/users\/1527"}],"replies":[{"embeddable":true,"href":"https:\/\/www.sincomam.org.br\/index.php\/wp-json\/wp\/v2\/comments?post=38475"}],"version-history":[{"count":1,"href":"https:\/\/www.sincomam.org.br\/index.php\/wp-json\/wp\/v2\/posts\/38475\/revisions"}],"predecessor-version":[{"id":38477,"href":"https:\/\/www.sincomam.org.br\/index.php\/wp-json\/wp\/v2\/posts\/38475\/revisions\/38477"}],"wp:featuredmedia":[{"embeddable":true,"href":"https:\/\/www.sincomam.org.br\/index.php\/wp-json\/wp\/v2\/media\/38476"}],"wp:attachment":[{"href":"https:\/\/www.sincomam.org.br\/index.php\/wp-json\/wp\/v2\/media?parent=38475"}],"wp:term":[{"taxonomy":"category","embeddable":true,"href":"https:\/\/www.sincomam.org.br\/index.php\/wp-json\/wp\/v2\/categories?post=38475"},{"taxonomy":"post_tag","embeddable":true,"href":"https:\/\/www.sincomam.org.br\/index.php\/wp-json\/wp\/v2\/tags?post=38475"}],"curies":[{"name":"wp","href":"https:\/\/api.w.org\/{rel}","templated":true}]}}