{"id":38472,"date":"2022-03-28T10:35:17","date_gmt":"2022-03-28T13:35:17","guid":{"rendered":"http:\/\/www.sincomam.org.br\/?p=38472"},"modified":"2022-03-28T10:35:35","modified_gmt":"2022-03-28T13:35:35","slug":"comandante-da-marinha-visita-a-icn-e-confirma-a-incorporacao-do-riachuelo-ate-o-final-do-1-semestre","status":"publish","type":"post","link":"https:\/\/www.sincomam.org.br\/index.php\/comandante-da-marinha-visita-a-icn-e-confirma-a-incorporacao-do-riachuelo-ate-o-final-do-1-semestre\/","title":{"rendered":"Comandante da Marinha visita a ICN e confirma a incorpora\u00e7\u00e3o do \u2018Riachuelo\u2019 at\u00e9 o final do 1\u00b0 semestre"},"content":{"rendered":"<p>A Itagua\u00ed Constru\u00e7\u00f5es Navais (ICN) recebeu a visita do Comandante da Marinha do Brasil, Almirante de Esquadra Almir Garnier Santos e sua comitiva, al\u00e9m de diversos membros do Almirantado.<\/p>\n<p>Inicialmente, se reuniram para tratar de detalhes do Programa de Desenvolvimento de Submarinos (PROSUB), e na sequ\u00eancia o Comandante da Marinha e sua comitiva, foram acompanhados pelo Sr. Andr\u00e9 Portalis (CEO da ICN), conhecer de perto cada detalhe das instala\u00e7\u00f5es da Unidade de Fabrica\u00e7\u00e3o de Estruturas Met\u00e1licas (UFEM), o Estaleiro de Constru\u00e7\u00e3o (ESC) e todo o Complexo Naval de Itagua\u00ed, incluindo a Base de Submarinos da Ilha da Madeira (BSIM), onde ficaram baseados os quatro submarinos da Classe\u00a0<em>Riachuelo<\/em>.<\/p>\n<p>O AE Garnier pode verificar o atual est\u00e1gio das atividades que envolvem a infraestrutura, a constru\u00e7\u00e3o e a opera\u00e7\u00e3o dos novos submarinos brasileiros, observando o quanto o programa avan\u00e7ou, mesmo durante o per\u00edodo da pandemia, al\u00e9m dos desafios naturais e dificuldades que envolvem projetos de tal envergadura.<\/p>\n<div id=\"quads-ad4\" class=\"quads-location quads-ad4\">\n<p>Segundo o Comandante da Marinha, \u201cas not\u00edcias s\u00e3o positivas. At\u00e9 o final deste semestre o\u00a0<em>Riachuelo<\/em>, primeiro navio da classe, ser\u00e1 entregue ao setor operativo da Marinha, pronto para a miss\u00e3o de patrulhar e defender a nossa Amaz\u00f4nia Azul. Nos pr\u00f3ximos anos, ser\u00e3o incorporados o\u00a0<em>Humait\u00e1<\/em>, o\u00a0<em>Tonelero<\/em>\u00a0e o\u00a0<em>Angostura\u201d<\/em>.<\/p>\n<p>Com rela\u00e7\u00e3o ao Submarino Convencional de Propuls\u00e3o Nuclear (SCPN), o Comandante da Marinha disse que \u201cainda em 2022 ter\u00e1 in\u00edcio a constru\u00e7\u00e3o do\u00a0<em>\u00c1lvaro Alberto<\/em>, primeiro submarino com propuls\u00e3o nuclear\u201d.<\/p>\n<p>Fonte: Defesa Aero Naval<\/p>\n<\/div>\n","protected":false},"excerpt":{"rendered":"<p>A Itagua\u00ed Constru\u00e7\u00f5es Navais (ICN) recebeu a visita do Comandante da Marinha do Brasil, Almirante de Esquadra Almir Garnier Santos e sua comitiva, al\u00e9m de&#8230;<\/p>\n","protected":false},"author":1527,"featured_media":38473,"comment_status":"closed","ping_status":"closed","sticky":false,"template":"","format":"standard","meta":{"footnotes":""},"categories":[6],"tags":[],"class_list":["post-38472","post","type-post","status-publish","format-standard","has-post-thumbnail","hentry","category-noticias"],"_links":{"self":[{"href":"https:\/\/www.sincomam.org.br\/index.php\/wp-json\/wp\/v2\/posts\/38472","targetHints":{"allow":["GET"]}}],"collection":[{"href":"https:\/\/www.sincomam.org.br\/index.php\/wp-json\/wp\/v2\/posts"}],"about":[{"href":"https:\/\/www.sincomam.org.br\/index.php\/wp-json\/wp\/v2\/types\/post"}],"author":[{"embeddable":true,"href":"https:\/\/www.sincomam.org.br\/index.php\/wp-json\/wp\/v2\/users\/1527"}],"replies":[{"embeddable":true,"href":"https:\/\/www.sincomam.org.br\/index.php\/wp-json\/wp\/v2\/comments?post=38472"}],"version-history":[{"count":1,"href":"https:\/\/www.sincomam.org.br\/index.php\/wp-json\/wp\/v2\/posts\/38472\/revisions"}],"predecessor-version":[{"id":38474,"href":"https:\/\/www.sincomam.org.br\/index.php\/wp-json\/wp\/v2\/posts\/38472\/revisions\/38474"}],"wp:featuredmedia":[{"embeddable":true,"href":"https:\/\/www.sincomam.org.br\/index.php\/wp-json\/wp\/v2\/media\/38473"}],"wp:attachment":[{"href":"https:\/\/www.sincomam.org.br\/index.php\/wp-json\/wp\/v2\/media?parent=38472"}],"wp:term":[{"taxonomy":"category","embeddable":true,"href":"https:\/\/www.sincomam.org.br\/index.php\/wp-json\/wp\/v2\/categories?post=38472"},{"taxonomy":"post_tag","embeddable":true,"href":"https:\/\/www.sincomam.org.br\/index.php\/wp-json\/wp\/v2\/tags?post=38472"}],"curies":[{"name":"wp","href":"https:\/\/api.w.org\/{rel}","templated":true}]}}