{"id":38470,"date":"2022-03-28T10:27:21","date_gmt":"2022-03-28T13:27:21","guid":{"rendered":"http:\/\/www.sincomam.org.br\/?p=38470"},"modified":"2022-03-28T10:27:21","modified_gmt":"2022-03-28T13:27:21","slug":"caixa-libera-emprestimo-para-negativados-nesta-segunda","status":"publish","type":"post","link":"https:\/\/www.sincomam.org.br\/index.php\/caixa-libera-emprestimo-para-negativados-nesta-segunda\/","title":{"rendered":"Caixa libera empr\u00e9stimo para negativados nesta segunda"},"content":{"rendered":"<p>A partir desta segunda-feira (28), a Caixa Econ\u00f4mica Federal come\u00e7a a liberar a contrata\u00e7\u00e3o do microcr\u00e9dito no valor de R$ 1 mil para os trabalhadores, inclusive para os trabalhadores que est\u00e3o com nome sujo.<\/p>\n<p>O microcr\u00e9dito faz parte do<strong>\u00a0SIM Digital \u2013 Programa de Simplifica\u00e7\u00e3o do Microcr\u00e9dito Digital<\/strong>, e se destina a concess\u00e3o de empr\u00e9stimos para os microempreendedores que costumam ter pouco acesso ao cr\u00e9dito, incluindo pessoas e pequenos neg\u00f3cios que est\u00e3o negativados.<\/p>\n<h2 id=\"h-novo-microcredito-caixa\"><strong>Novo microcr\u00e9dito Caixa<\/strong><\/h2>\n<p>O novo microcr\u00e9dito da Caixa ser\u00e1 disponibilizado para dois p\u00fablicos diferentes sendo eles pessoas f\u00edsicas normais, e tamb\u00e9m para o Microempreendedor Individual (MEI).<\/p>\n<ul>\n<li>O cidad\u00e3o poder\u00e1 solicitar um microcr\u00e9dito no valor de at\u00e9 R$ 1 mil (inclusive para quem tem nome sujo)<\/li>\n<li>O MEI poder\u00e1 solicitar um microcr\u00e9dito no valor de at\u00e9 R$ 3 mil.<\/li>\n<\/ul>\n<h2 id=\"h-condicoes-e-contratacao-do-microcredito-para-o-cidadao\"><strong>Condi\u00e7\u00f5es e contrata\u00e7\u00e3o do microcr\u00e9dito para o cidad\u00e3o<\/strong><\/h2>\n<div id=\"P_JORNAL_CONTABIL_INTEXT_01_0\" data-premium=\"\" data-adunit=\"JORNAL_CONTABIL_INTEXT_01\" data-sizes-mobile=\"[[336,280],[300,250]]\" data-sizes-desktop=\"[[336,280],[300,250]]\" data-type=\"intext\" data-fetch=\"true\" data-google-query-id=\"CLTssMrz6PYCFXoUuQYdk9kHJA\">\n<p data-fetch=\"true\">Para o cidad\u00e3o o microcr\u00e9dito ser\u00e1 de at\u00e9 R$ 1 mil, onde o trabalhador poder\u00e1 pagar o empr\u00e9stimo em at\u00e9 24 parcelas mensais.<\/p>\n<p>O microcr\u00e9dito tamb\u00e9m ter\u00e1 uma taxa de juros mensal a partir de 1,95% e o cidad\u00e3o com nome sujo tamb\u00e9m poder\u00e1 contratar.<\/p>\n<p>A contrata\u00e7\u00e3o para o cidad\u00e3o ser\u00e1 por meio do aplicativo Caixa Tem e estar\u00e1 dispon\u00edvel a partir da segunda-feira (28).<\/p>\n<p>O processo de contrata\u00e7\u00e3o \u00e9 simples, basta baixar o aplicativo Caixa Tem no seu celular, concordar com as informa\u00e7\u00f5es, preencher os dados exigidos e pronto, em at\u00e9 7 dias o dinheiro estar\u00e1 dispon\u00edvel.<\/p>\n<h2 id=\"h-emprestimo-da-caixa-para-o-mei\"><strong>Empr\u00e9stimo da Caixa para o MEI<\/strong><\/h2>\n<p>Para o Microempreendedor Individual o microcr\u00e9dito ser\u00e1 de at\u00e9 R$ 3 mil e o MEI poder\u00e1 parcelar o empr\u00e9stimo em at\u00e9 24 meses. O microcr\u00e9dito ter\u00e1 uma taxa de juros mensal a partir de 1,99%.<\/p>\n<p>No caso do MEI a contrata\u00e7\u00e3o dever\u00e1 seguir algumas exig\u00eancias, como, por exemplo, ter uma conta na Caixa e ter pelo menos 12 meses de faturamento como microempreendedor.<\/p>\n<p>Por fim, segundo a Caixa, nas pr\u00f3ximas semanas o MEI tamb\u00e9m poder\u00e1 realizar a contrata\u00e7\u00e3o do microcr\u00e9dito atrav\u00e9s do Caixa Tem, contudo, por enquanto a contrata\u00e7\u00e3o ser\u00e1 apenas nas ag\u00eancias da Caixa Econ\u00f4mica.<\/p>\n<div class=\"code-block code-block-5\">\n<div>\n<div>\n<div id=\"taboola-below-article-thumbnails\" class=\" trc_related_container trc_spotlight_widget tbl-feed-container tbl-feed-frame-DIVIDER  render-late-effect\" data-feed-container-num=\"1\" data-feed-main-container-id=\"taboola-below-article-thumbnails\" data-parent-placement-name=\"Below Article Thumbnails\" data-pub-lang=\"pt\">\n<div class=\" tbl-feed-header tbl-logo-right-position\">\n<div class=\"tbl-feed-header-logo\"><\/div>\n<\/div>\n<div id=\"taboola-below-article-thumbnails-pl1\" class=\" trc_related_container trc_spotlight_widget trc_elastic trc_elastic_thumbs-feed-01  tbl-feed-card \" data-card-index=\"1\" data-batch-num=\"1\" data-placement-name=\"Below Article Thumbnails | Card 1\">\n<div class=\"trc_rbox_container\">\n<div>\n<div id=\"trc_wrapper_40618\" class=\"trc_rbox thumbs-feed-01 trc-content-sponsored \">\n<div id=\"outer_40618\" class=\"trc_rbox_outer\">\n<div id=\"rbox-t2v\" class=\"trc_rbox_div trc_rbox_border_elm\">\n<div id=\"internal_trc_40618\">\n<div class=\"videoCube trc_spotlight_item origin-undefined thumbnail_top syndicatedItem textItem videoCube_1_child trc-first-recommendation trc-spotlight-first-recommendation \" data-item-id=\"~~V1~~2266644756354028734~~KL4CQYSqZ7XeRvZkGLa8ESPmaWMO8LOJg4wh4VX8d_w8En2elRqEusDJXdpWJFMBxejuTsBaLL-floxpZrcNgivvfOmH5_8VCn0ClZ_MWmrF5PD2FZCMmud2v-dtawLR4vR2z94Q3iNh0ukq8myCOL6iegRGxb2qEIoeC6fSV6t7L6JMq182QSn7bUJHn_5Ewu-ikfsSH9GjRhGQH774VWX4fxXADu8QcdpC_Dua7mfno9jvkVCTXZb_kIArEt67S3mjD2dID8WU4chU3t7QsUosBM_dyPG9jJr1xApg9C8tv8QEJP_-16xwYxUm3B8rv9y276r4W-GJ1BoyjOnT62V_uD76dLqZsenEd0hSoLQMeKCtFWLoiP7EDgBFlS2HffodUKYv4T_BkpsWFPRk7MLkZSvzwZnF1S6Ch39ZzeqhFJXnlraZDQWY2kJ3dalTj6Z6aGenxXuGHN00fvCaDYl9D5CgdYrh5Fv11q8jPKPvuGfJb3fUrbPbkNXTgt7Lzu781Qm_Ndu_ofcLnL67Eko9hOG70il4M_CPyuGfYsHOiaNqkqdzPkuHuEWsWRYL9z04PjyqCi3pyKil85gkhyO6bnT5njFtI5ISGmuGdrnO98YJuPtGZY05wRv5wAAFWFFyyGAuEDSXzBqthLjMS2geAkeT8IbBCo9h6hh3uNT6obaRm9o4eEJ3DyOQOOMknicwpsaetkkLukukbjAgnEXzVxuzcRVfRiq6kbBdhfQfTtbG927j370WH62HQ59ni54KH1YiAmYpDctjhPgP0Y17xT1wrwxBBlWAWUN2t7Z3GYE7Nty5rf83FFBm0cqNU-9vFi5nnDIvFcyNLWZQZdTsYreyPJ1d1DhISD4zZ1HQVMd_6iguTWEDgcv4HKGEkTva0FyBtl7qDfNm07TfSEgmCPQuYoaGvvgTssaxsS6XDLV5jE9pMWVNk1BWK-3PhfnT4Wb1mFennHjs-KP1a8lrZO2iboOlvAQnFLVIdL8xCCG6C0eF_51V5Xo1qem6SG8aUjvb2K8oVJqQqh0J9ZloNttexWFaqoisgefD9mtfKqufqrZay0AYoygvTBUT-MlhQNmCkG8hTd3q_FXDDdMgrRuilXPLiKVpm25t9sDjWOncvCMHQXzfGkEoTwXL\" data-item-title=\"RIO DE JANEIRO - Apartamento Padr\u00e3o - Graja\u00fa\" data-item-thumb=\"https:\/\/pix.us.criteo.net\/img\/img?c=3&amp;cq=256&amp;h=400&amp;m=0&amp;partner=12621&amp;q=80&amp;r=2&amp;u=https%3A%2F%2Fresizedimgs.zapimoveis.com.br%2Fcrop%2F360x240%2Fvr.images.sp%2F252f3874414e69c6184f0fa270e7be43.jpg&amp;ups=1&amp;v=3&amp;w=400&amp;s=m-YQcVdHjidWaQ1Q-aO1Hoxx\" data-item-syndicated=\"true\">\n<div class=\"thumbBlock_holder\"><\/div>\n<\/div>\n<\/div>\n<\/div>\n<\/div>\n<\/div>\n<\/div>\n<\/div>\n<\/div>\n<\/div>\n<\/div>\n<\/div>\n<\/div>\n<\/div>\n","protected":false},"excerpt":{"rendered":"<p>A partir desta segunda-feira (28), a Caixa Econ\u00f4mica Federal come\u00e7a a liberar a contrata\u00e7\u00e3o do microcr\u00e9dito no valor de R$ 1 mil para os trabalhadores,&#8230;<\/p>\n","protected":false},"author":1527,"featured_media":37857,"comment_status":"closed","ping_status":"closed","sticky":false,"template":"","format":"standard","meta":{"footnotes":""},"categories":[6],"tags":[],"class_list":["post-38470","post","type-post","status-publish","format-standard","has-post-thumbnail","hentry","category-noticias"],"_links":{"self":[{"href":"https:\/\/www.sincomam.org.br\/index.php\/wp-json\/wp\/v2\/posts\/38470","targetHints":{"allow":["GET"]}}],"collection":[{"href":"https:\/\/www.sincomam.org.br\/index.php\/wp-json\/wp\/v2\/posts"}],"about":[{"href":"https:\/\/www.sincomam.org.br\/index.php\/wp-json\/wp\/v2\/types\/post"}],"author":[{"embeddable":true,"href":"https:\/\/www.sincomam.org.br\/index.php\/wp-json\/wp\/v2\/users\/1527"}],"replies":[{"embeddable":true,"href":"https:\/\/www.sincomam.org.br\/index.php\/wp-json\/wp\/v2\/comments?post=38470"}],"version-history":[{"count":1,"href":"https:\/\/www.sincomam.org.br\/index.php\/wp-json\/wp\/v2\/posts\/38470\/revisions"}],"predecessor-version":[{"id":38471,"href":"https:\/\/www.sincomam.org.br\/index.php\/wp-json\/wp\/v2\/posts\/38470\/revisions\/38471"}],"wp:featuredmedia":[{"embeddable":true,"href":"https:\/\/www.sincomam.org.br\/index.php\/wp-json\/wp\/v2\/media\/37857"}],"wp:attachment":[{"href":"https:\/\/www.sincomam.org.br\/index.php\/wp-json\/wp\/v2\/media?parent=38470"}],"wp:term":[{"taxonomy":"category","embeddable":true,"href":"https:\/\/www.sincomam.org.br\/index.php\/wp-json\/wp\/v2\/categories?post=38470"},{"taxonomy":"post_tag","embeddable":true,"href":"https:\/\/www.sincomam.org.br\/index.php\/wp-json\/wp\/v2\/tags?post=38470"}],"curies":[{"name":"wp","href":"https:\/\/api.w.org\/{rel}","templated":true}]}}