{"id":38464,"date":"2022-03-25T09:15:08","date_gmt":"2022-03-25T12:15:08","guid":{"rendered":"http:\/\/www.sincomam.org.br\/?p=38464"},"modified":"2022-03-25T09:17:12","modified_gmt":"2022-03-25T12:17:12","slug":"cpsp-certifica-servidores-publicos-no-curso-especial-para-tripulacao-de-embarcacoes-de-estado-no-servico-publico","status":"publish","type":"post","link":"https:\/\/www.sincomam.org.br\/index.php\/cpsp-certifica-servidores-publicos-no-curso-especial-para-tripulacao-de-embarcacoes-de-estado-no-servico-publico\/","title":{"rendered":"CPSP certifica servidores p\u00fablicos no Curso Especial para Tripula\u00e7\u00e3o de Embarca\u00e7\u00f5es de Estado no Servi\u00e7o P\u00fablico"},"content":{"rendered":"<p>A Capitania dos Portos de S\u00e3o Paulo (CPSP), subordinada ao Comando do 8\u00ba Distrito Naval, concluiu, em 14 de mar\u00e7o, o Curso Especial para Tripula\u00e7\u00e3o de Embarca\u00e7\u00f5es de Estado no Servi\u00e7o P\u00fablico, cujo objetivo \u00e9 capacitar os agentes p\u00fablicos a tripular e conduzir pequenas embarca\u00e7\u00f5es (de at\u00e9 6m de comprimento), em \u00e1guas interiores, durante o servi\u00e7o.<\/p>\n<p>Foram habilitados 86 alunos, sendo 9 servidores da Pol\u00edcia Federal, 4 da Pol\u00edcia Civil, 17 da Pol\u00edcia Militar Ambiental, 28 do Corpo de Bombeiros Militar, 15 do 2\u00ba Batalh\u00e3o de A\u00e7\u00f5es Especiais da Pol\u00edcia Militar, 6 servidores da Guarda Civil Metropolitana de S\u00e3o Vicente e 7 funcion\u00e1rios das Prefeituras Municipais de Guaruj\u00e1 e Canan\u00e9ia.<\/p>\n<p>O Delegado Edson Patr\u00edcio do Nascimento, do N\u00facleo Especial da Pol\u00edcia Mar\u00edtima, um dos habilitados, ressaltou a import\u00e2ncia do ensino ministrado. \u201cO curso ETSP \u00e9 essencial para as atividades do N\u00facleo Especial de Pol\u00edcia Mar\u00edtima da Pol\u00edcia Federal aqui em Santos. O treinamento consolida nossa parceria com a Marinha e estimula a interoperabilidade entre os diversos \u00f3rg\u00e3os p\u00fablicos\u201d.<\/p>\n<p>O curso ocorreu nas instala\u00e7\u00f5es da CPSP, contribuindo para refor\u00e7ar a mentalidade da coopera\u00e7\u00e3o interag\u00eancias, bem como a manuten\u00e7\u00e3o dos la\u00e7os de amizade institucionais.<\/p>\n<p>Fonte: Defesa em Foco<\/p>\n","protected":false},"excerpt":{"rendered":"<p>A Capitania dos Portos de S\u00e3o Paulo (CPSP), subordinada ao Comando do 8\u00ba Distrito Naval, concluiu, em 14 de mar\u00e7o, o Curso Especial para Tripula\u00e7\u00e3o&#8230;<\/p>\n","protected":false},"author":1527,"featured_media":38465,"comment_status":"closed","ping_status":"closed","sticky":false,"template":"","format":"standard","meta":{"footnotes":""},"categories":[6],"tags":[],"class_list":["post-38464","post","type-post","status-publish","format-standard","has-post-thumbnail","hentry","category-noticias"],"_links":{"self":[{"href":"https:\/\/www.sincomam.org.br\/index.php\/wp-json\/wp\/v2\/posts\/38464","targetHints":{"allow":["GET"]}}],"collection":[{"href":"https:\/\/www.sincomam.org.br\/index.php\/wp-json\/wp\/v2\/posts"}],"about":[{"href":"https:\/\/www.sincomam.org.br\/index.php\/wp-json\/wp\/v2\/types\/post"}],"author":[{"embeddable":true,"href":"https:\/\/www.sincomam.org.br\/index.php\/wp-json\/wp\/v2\/users\/1527"}],"replies":[{"embeddable":true,"href":"https:\/\/www.sincomam.org.br\/index.php\/wp-json\/wp\/v2\/comments?post=38464"}],"version-history":[{"count":1,"href":"https:\/\/www.sincomam.org.br\/index.php\/wp-json\/wp\/v2\/posts\/38464\/revisions"}],"predecessor-version":[{"id":38466,"href":"https:\/\/www.sincomam.org.br\/index.php\/wp-json\/wp\/v2\/posts\/38464\/revisions\/38466"}],"wp:featuredmedia":[{"embeddable":true,"href":"https:\/\/www.sincomam.org.br\/index.php\/wp-json\/wp\/v2\/media\/38465"}],"wp:attachment":[{"href":"https:\/\/www.sincomam.org.br\/index.php\/wp-json\/wp\/v2\/media?parent=38464"}],"wp:term":[{"taxonomy":"category","embeddable":true,"href":"https:\/\/www.sincomam.org.br\/index.php\/wp-json\/wp\/v2\/categories?post=38464"},{"taxonomy":"post_tag","embeddable":true,"href":"https:\/\/www.sincomam.org.br\/index.php\/wp-json\/wp\/v2\/tags?post=38464"}],"curies":[{"name":"wp","href":"https:\/\/api.w.org\/{rel}","templated":true}]}}