{"id":38456,"date":"2022-03-25T08:59:51","date_gmt":"2022-03-25T11:59:51","guid":{"rendered":"http:\/\/www.sincomam.org.br\/?p=38456"},"modified":"2022-03-25T09:16:02","modified_gmt":"2022-03-25T12:16:02","slug":"submarino-museu-riachuelo-da-dphdm-recebe-a-visita-de-seu-primeiro-comandante","status":"publish","type":"post","link":"https:\/\/www.sincomam.org.br\/index.php\/submarino-museu-riachuelo-da-dphdm-recebe-a-visita-de-seu-primeiro-comandante\/","title":{"rendered":"Submarino-Museu \u201cRiachuelo\u201d, da DPHDM, recebe a visita de seu primeiro comandante"},"content":{"rendered":"<p>Uma saudosa imers\u00e3o ao passado: assim pode ser definida a visita, em 17 de mar\u00e7o, do Vice-Almirante Jos\u00e9 Luiz Feio Obino ao Submarino-Museu \u201cRiachuelo\u201d, do qual foi o primeiro comandante, de mar\u00e7o de 1977 a mar\u00e7o de 1979.<\/p>\n<p>Trata-se do sexto navio e o segundo submarino da Marinha a ostentar esse nome, em homenagem \u00e0 Batalha Naval do Riachuelo. Reclassificado como \u201csubmarino-museu\u201d, em novembro de 1997, por ocasi\u00e3o de sua baixa do servi\u00e7o ativo, ele \u00e9 desde ent\u00e3o uma das atra\u00e7\u00f5es do Espa\u00e7o Cultural da Marinha, no Rio de Janeiro, administrado pela Diretoria do Patrim\u00f4nio Hist\u00f3rico e Documenta\u00e7\u00e3o da Marinha (DPHDM).<\/p>\n<p>Designado para comandar o mais novo submarino da Armada brasileira \u00e0 \u00e9poca, o ent\u00e3o Capit\u00e3o de Fragata Obino liderou o Grupo de Recebimento do \u201cRiachuelo\u201d, composto por 7 oficiais e 57 pra\u00e7as. Incorporado \u00e0 Marinha em 27 de janeiro de 1977, o \u201cRiachuelo\u201d teve sua Mostra de Armamento realizada em 12 de mar\u00e7o de 1977, recebendo o indicativo visual \u201cS-22\u201d. Ao longo das suas duas d\u00e9cadas de opera\u00e7\u00f5es, contabilizou cerca de 182 mil milhas navegadas, 1.283,5 dias de mar e 17.699 horas e 41 minutos de imers\u00e3o.<\/p>\n<p>Fonte: Defesa em Foco<\/p>\n","protected":false},"excerpt":{"rendered":"<p>Uma saudosa imers\u00e3o ao passado: assim pode ser definida a visita, em 17 de mar\u00e7o, do Vice-Almirante Jos\u00e9 Luiz Feio Obino ao Submarino-Museu \u201cRiachuelo\u201d, do&#8230;<\/p>\n","protected":false},"author":1527,"featured_media":38457,"comment_status":"closed","ping_status":"closed","sticky":false,"template":"","format":"standard","meta":{"footnotes":""},"categories":[6],"tags":[],"class_list":["post-38456","post","type-post","status-publish","format-standard","has-post-thumbnail","hentry","category-noticias"],"_links":{"self":[{"href":"https:\/\/www.sincomam.org.br\/index.php\/wp-json\/wp\/v2\/posts\/38456","targetHints":{"allow":["GET"]}}],"collection":[{"href":"https:\/\/www.sincomam.org.br\/index.php\/wp-json\/wp\/v2\/posts"}],"about":[{"href":"https:\/\/www.sincomam.org.br\/index.php\/wp-json\/wp\/v2\/types\/post"}],"author":[{"embeddable":true,"href":"https:\/\/www.sincomam.org.br\/index.php\/wp-json\/wp\/v2\/users\/1527"}],"replies":[{"embeddable":true,"href":"https:\/\/www.sincomam.org.br\/index.php\/wp-json\/wp\/v2\/comments?post=38456"}],"version-history":[{"count":2,"href":"https:\/\/www.sincomam.org.br\/index.php\/wp-json\/wp\/v2\/posts\/38456\/revisions"}],"predecessor-version":[{"id":38467,"href":"https:\/\/www.sincomam.org.br\/index.php\/wp-json\/wp\/v2\/posts\/38456\/revisions\/38467"}],"wp:featuredmedia":[{"embeddable":true,"href":"https:\/\/www.sincomam.org.br\/index.php\/wp-json\/wp\/v2\/media\/38457"}],"wp:attachment":[{"href":"https:\/\/www.sincomam.org.br\/index.php\/wp-json\/wp\/v2\/media?parent=38456"}],"wp:term":[{"taxonomy":"category","embeddable":true,"href":"https:\/\/www.sincomam.org.br\/index.php\/wp-json\/wp\/v2\/categories?post=38456"},{"taxonomy":"post_tag","embeddable":true,"href":"https:\/\/www.sincomam.org.br\/index.php\/wp-json\/wp\/v2\/tags?post=38456"}],"curies":[{"name":"wp","href":"https:\/\/api.w.org\/{rel}","templated":true}]}}