{"id":38447,"date":"2022-03-25T08:44:02","date_gmt":"2022-03-25T11:44:02","guid":{"rendered":"http:\/\/www.sincomam.org.br\/?p=38447"},"modified":"2022-03-25T08:44:02","modified_gmt":"2022-03-25T11:44:02","slug":"log-in-anuncia-ampliacao-de-cabotagem-para-manaus-com-dois-navios","status":"publish","type":"post","link":"https:\/\/www.sincomam.org.br\/index.php\/log-in-anuncia-ampliacao-de-cabotagem-para-manaus-com-dois-navios\/","title":{"rendered":"Log-In anuncia amplia\u00e7\u00e3o de cabotagem para Manaus com dois navios"},"content":{"rendered":"<p> A Log-In Log\u00edstica Intermodal anunciou a amplia\u00e7\u00e3o da capacidade de cabotagem para Manaus. O Expans\u00e3o Manaus far\u00e1 a conex\u00e3o entre o Amazonas com as regi\u00f5es Sudeste e Nordeste.<\/p>\n<p>A nova linha de navega\u00e7\u00e3o conta com dois navios porta-cont\u00eaineres e ligar\u00e1 os portos de Santos, Salvador, Suape e Manaus com frequ\u00eancia quinzenal.<\/p>\n<p>Segundo a empresa, um dos principais ganhos do servi\u00e7o \u00e9 a retomada da Log-In na rota Bahia, permitindo uma viagem sem transbordo de carga do porto de Salvador at\u00e9 Manaus. Neste trecho, o transit time foi reduzido em at\u00e9 nove dias.<\/p>\n<p> A capacidade de carga \u00e9 de 300 cont\u00eaineres por m\u00eas em dois navios. Somente no ano passado, a companhia movimentou 30 mil TEUS (cont\u00eaineres de 20 p\u00e9s) de cargas com origem e destino Manaus.<\/p>\n<p>Fonte: Amazonas Atual<\/p>\n","protected":false},"excerpt":{"rendered":"<p>A Log-In Log\u00edstica Intermodal anunciou a amplia\u00e7\u00e3o da capacidade de cabotagem para Manaus. O Expans\u00e3o Manaus far\u00e1 a conex\u00e3o entre o Amazonas com as regi\u00f5es&#8230;<\/p>\n","protected":false},"author":1527,"featured_media":38448,"comment_status":"closed","ping_status":"closed","sticky":false,"template":"","format":"standard","meta":{"footnotes":""},"categories":[6],"tags":[],"class_list":["post-38447","post","type-post","status-publish","format-standard","has-post-thumbnail","hentry","category-noticias"],"_links":{"self":[{"href":"https:\/\/www.sincomam.org.br\/index.php\/wp-json\/wp\/v2\/posts\/38447","targetHints":{"allow":["GET"]}}],"collection":[{"href":"https:\/\/www.sincomam.org.br\/index.php\/wp-json\/wp\/v2\/posts"}],"about":[{"href":"https:\/\/www.sincomam.org.br\/index.php\/wp-json\/wp\/v2\/types\/post"}],"author":[{"embeddable":true,"href":"https:\/\/www.sincomam.org.br\/index.php\/wp-json\/wp\/v2\/users\/1527"}],"replies":[{"embeddable":true,"href":"https:\/\/www.sincomam.org.br\/index.php\/wp-json\/wp\/v2\/comments?post=38447"}],"version-history":[{"count":1,"href":"https:\/\/www.sincomam.org.br\/index.php\/wp-json\/wp\/v2\/posts\/38447\/revisions"}],"predecessor-version":[{"id":38449,"href":"https:\/\/www.sincomam.org.br\/index.php\/wp-json\/wp\/v2\/posts\/38447\/revisions\/38449"}],"wp:featuredmedia":[{"embeddable":true,"href":"https:\/\/www.sincomam.org.br\/index.php\/wp-json\/wp\/v2\/media\/38448"}],"wp:attachment":[{"href":"https:\/\/www.sincomam.org.br\/index.php\/wp-json\/wp\/v2\/media?parent=38447"}],"wp:term":[{"taxonomy":"category","embeddable":true,"href":"https:\/\/www.sincomam.org.br\/index.php\/wp-json\/wp\/v2\/categories?post=38447"},{"taxonomy":"post_tag","embeddable":true,"href":"https:\/\/www.sincomam.org.br\/index.php\/wp-json\/wp\/v2\/tags?post=38447"}],"curies":[{"name":"wp","href":"https:\/\/api.w.org\/{rel}","templated":true}]}}