{"id":38428,"date":"2022-03-24T08:26:18","date_gmt":"2022-03-24T11:26:18","guid":{"rendered":"http:\/\/www.sincomam.org.br\/?p=38428"},"modified":"2022-03-24T08:26:18","modified_gmt":"2022-03-24T11:26:18","slug":"marinha-retorna-a-cidade-de-petropolis-apos-fortes-chuvas","status":"publish","type":"post","link":"https:\/\/www.sincomam.org.br\/index.php\/marinha-retorna-a-cidade-de-petropolis-apos-fortes-chuvas\/","title":{"rendered":"Marinha retorna \u00e0 cidade de Petr\u00f3polis ap\u00f3s fortes chuvas"},"content":{"rendered":"<div class=\"rtejustify\">Ap\u00f3s o temporal que atingiu novamente a cidade de Petr\u00f3polis (RJ), no \u00faltimo domingo (20), a Marinha do Brasil (MB) enviou um destacamento avan\u00e7ado de reconhecimento e liga\u00e7\u00e3o para verificar a situa\u00e7\u00e3o.<\/div>\n<div class=\"rtejustify\"><\/div>\n<div class=\"rtejustify\">Na segunda-feira (21), foi instalado um Gabinete Integrado de Gest\u00e3o de Crise, composto por representantes de \u00f3rg\u00e3os federais, estaduais e municipais, incluindo a MB, para realizar a coordena\u00e7\u00e3o das a\u00e7\u00f5es a serem tomadas em apoio \u00e0 popula\u00e7\u00e3o de Petr\u00f3polis, devido aos danos causados pela ocorr\u00eancia das fortes chuvas que atingiram a cidade.<\/div>\n<div class=\"rtejustify\"><\/div>\n<div class=\"rtejustify\">At\u00e9 o momento, s\u00e3o 12 viaturas e equipamentos de engenharia atuando na cidade, dentre elas: caminh\u00f5es para transporte de carga e pessoal, viaturas leves, ambul\u00e2ncia, tratores e outros equipamentos de engenharia. Ao todo, 36 militares atuam na desobstru\u00e7\u00e3o das vias.<\/div>\n<div class=\"rtejustify\"><\/div>\n<div class=\"rtejustify\">A r\u00e1pida mobiliza\u00e7\u00e3o e o pronto emprego da For\u00e7a demonstra a capacidade expedicion\u00e1ria do Corpo de Fuzileiros Navais, que possui condi\u00e7\u00f5es de atuar com flexibilidade e versatilidade em diversas opera\u00e7\u00f5es. O tema, inclusive, foi pauta de uma entrevista concedida nesta semana \u00e0 Ag\u00eancia Marinha de Not\u00edcias pelo Comandante-Geral do Corpo de Fuzileiros Navais, Almirante de Esquadra (Fuzileiro Naval) Jorge Armando Nery Soares.<\/div>\n<div><\/div>\n<div>Fonte: Ag\u00eancia Not\u00edcias Marinha<\/div>\n","protected":false},"excerpt":{"rendered":"<p>Ap\u00f3s o temporal que atingiu novamente a cidade de Petr\u00f3polis (RJ), no \u00faltimo domingo (20), a Marinha do Brasil (MB) enviou um destacamento avan\u00e7ado de&#8230;<\/p>\n","protected":false},"author":1527,"featured_media":38429,"comment_status":"closed","ping_status":"closed","sticky":false,"template":"","format":"standard","meta":{"footnotes":""},"categories":[6],"tags":[],"class_list":["post-38428","post","type-post","status-publish","format-standard","has-post-thumbnail","hentry","category-noticias"],"_links":{"self":[{"href":"https:\/\/www.sincomam.org.br\/index.php\/wp-json\/wp\/v2\/posts\/38428","targetHints":{"allow":["GET"]}}],"collection":[{"href":"https:\/\/www.sincomam.org.br\/index.php\/wp-json\/wp\/v2\/posts"}],"about":[{"href":"https:\/\/www.sincomam.org.br\/index.php\/wp-json\/wp\/v2\/types\/post"}],"author":[{"embeddable":true,"href":"https:\/\/www.sincomam.org.br\/index.php\/wp-json\/wp\/v2\/users\/1527"}],"replies":[{"embeddable":true,"href":"https:\/\/www.sincomam.org.br\/index.php\/wp-json\/wp\/v2\/comments?post=38428"}],"version-history":[{"count":1,"href":"https:\/\/www.sincomam.org.br\/index.php\/wp-json\/wp\/v2\/posts\/38428\/revisions"}],"predecessor-version":[{"id":38430,"href":"https:\/\/www.sincomam.org.br\/index.php\/wp-json\/wp\/v2\/posts\/38428\/revisions\/38430"}],"wp:featuredmedia":[{"embeddable":true,"href":"https:\/\/www.sincomam.org.br\/index.php\/wp-json\/wp\/v2\/media\/38429"}],"wp:attachment":[{"href":"https:\/\/www.sincomam.org.br\/index.php\/wp-json\/wp\/v2\/media?parent=38428"}],"wp:term":[{"taxonomy":"category","embeddable":true,"href":"https:\/\/www.sincomam.org.br\/index.php\/wp-json\/wp\/v2\/categories?post=38428"},{"taxonomy":"post_tag","embeddable":true,"href":"https:\/\/www.sincomam.org.br\/index.php\/wp-json\/wp\/v2\/tags?post=38428"}],"curies":[{"name":"wp","href":"https:\/\/api.w.org\/{rel}","templated":true}]}}