{"id":38407,"date":"2022-03-23T08:00:15","date_gmt":"2022-03-23T11:00:15","guid":{"rendered":"http:\/\/www.sincomam.org.br\/?p=38407"},"modified":"2022-03-23T08:00:15","modified_gmt":"2022-03-23T11:00:15","slug":"nome-sujo-como-saber-se-o-cpf-esta-negativado-e-como-limpar","status":"publish","type":"post","link":"https:\/\/www.sincomam.org.br\/index.php\/nome-sujo-como-saber-se-o-cpf-esta-negativado-e-como-limpar\/","title":{"rendered":"Nome sujo: como saber se o CPF est\u00e1 negativado \u2013 e como limpar"},"content":{"rendered":"<div class=\"mc-column content-text active-extra-styles \" data-block-type=\"unstyled\" data-block-weight=\"62\" data-block-id=\"2\">\n<p class=\"content-text__container \" data-track-category=\"Link no Texto\" data-track-links=\"\">Estar com o \u201cnome sujo\u201d no Brasil significa ter o Cadastro de Pessoa F\u00edsica (CPF) inscrito em um banco de dados de restri\u00e7\u00e3o ao cr\u00e9dito. Com o CPF negativado, a pessoa tem dificuldade em conseguir cr\u00e9dito, e com isso, pode n\u00e3o conseguir comprar um produto a prazo, fazer um financiamento de im\u00f3vel ou at\u00e9 mesmo obter um cart\u00e3o de cr\u00e9dito.<\/p>\n<\/div>\n<div class=\"wall protected-content\">\n<div class=\"mc-column content-text active-extra-styles \" data-block-type=\"unstyled\" data-block-weight=\"57\" data-block-id=\"3\">\n<p class=\"content-text__container \" data-track-category=\"Link no Texto\" data-track-links=\"\">Antes de ter o CPF negativado, geralmente o consumidor recebe um comunicado da loja ou banco. A empresa tamb\u00e9m manda aviso de d\u00edvida para as entidades de prote\u00e7\u00e3o ao cr\u00e9dito (como\u00a0<a href=\"http:\/\/g1.globo.com\/topico\/serasa\">Serasa<\/a>, ou SPC Brasil), que tamb\u00e9m enviam uma correspond\u00eancia ao consumidor, alertando que seu nome ser\u00e1 inclu\u00eddo no cadastro de inadimplentes, caso n\u00e3o quite o d\u00e9bito.<\/p>\n<\/div>\n<div class=\"content-ads content-ads--reveal\" data-block-type=\"ads\" data-block-id=\"4\">Algumas pessoas t\u00eam d\u00favidas se j\u00e1 est\u00e3o num cadastro de inadimplentes com CPF negativado. O <a href=\"http:\/\/g1.globo.com\/topico\/serasa\">Serasa<\/a>, Boa Vista SCPC e SPC Brasil s\u00e3o tr\u00eas dos principais \u00f3rg\u00e3os de prote\u00e7\u00e3o ao cr\u00e9dito no pa\u00eds. Cada um deles possui informa\u00e7\u00f5es sobre determinadas empresas. Isso quer dizer que, mesmo que voc\u00ea esteja regular em um deles, pode estar negativado em outro.<\/div>\n<div class=\"mc-column content-text active-extra-styles \" data-block-type=\"unstyled\" data-block-weight=\"22\" data-block-id=\"6\">\n<p class=\"content-text__container \" data-track-category=\"Link no Texto\" data-track-links=\"\">Confira abaixo como checar gratuitamente se est\u00e1 com nome sujo. Para as consultas por site ou aplicativos, \u00e9 necess\u00e1rio um cadastro pr\u00e9vio.<\/p>\n<\/div>\n<div class=\"mc-column content-text active-extra-styles \" data-block-type=\"unstyled\" data-block-weight=\"1\" data-block-id=\"7\">\n<p class=\"content-text__container \" data-track-category=\"Link no Texto\" data-track-links=\"\"><a href=\"http:\/\/g1.globo.com\/topico\/serasa\"><strong>Serasa<\/strong><\/a><\/p>\n<\/div>\n<div class=\"mc-column content-text active-extra-styles\" data-block-type=\"raw\" data-block-weight=\"27\" data-block-id=\"8\">\n<p class=\"content-text__container\">\n<ul class=\"content-unordered-list\">\n<li>Pelo\u00a0<a href=\"https:\/\/www.serasa.com.br\/\" target=\"_blank\" rel=\"noopener\">site da Serasa<\/a>;<\/li>\n<li>Pelo aplicativo para celular &#8211; dispon\u00edvel para download na\u00a0<a href=\"https:\/\/play.google.com\/store\/apps\/details?id=br.com.serasaexperian.consumidor&amp;hl=pt_BR\" target=\"_blank\" rel=\"noopener\">Google Play<\/a>\u00a0e na\u00a0<a href=\"https:\/\/apps.apple.com\/br\/app\/serasa-consulta-cpf\/id1102452668\" target=\"_blank\" rel=\"noopener\">Apple Store<\/a>;<\/li>\n<li>Por telefone, pelo n\u00famero 0800 591 1222.<\/li>\n<\/ul>\n<p>&nbsp;<\/p>\n<\/div>\n<div class=\"mc-column content-text active-extra-styles \" data-block-type=\"unstyled\" data-block-weight=\"3\" data-block-id=\"9\">\n<p class=\"content-text__container \" data-track-category=\"Link no Texto\" data-track-links=\"\"><strong>Boa Vista SCPC<\/strong><\/p>\n<\/div>\n<div class=\"mc-column content-text active-extra-styles\" data-block-type=\"raw\" data-block-weight=\"22\" data-block-id=\"10\">\n<p class=\"content-text__container\">\n<ul class=\"content-unordered-list\">\n<li>Pelo\u00a0<a href=\"https:\/\/www.consumidorpositivo.com.br\/\" target=\"_blank\" rel=\"noopener\">site do Boa Vista SCPC<\/a>;<\/li>\n<li>Pelo aplicativo para celular &#8211; dispon\u00edvel para download na\u00a0<a href=\"https:\/\/play.google.com\/store\/apps\/details?id=br.com.foursys.boavistaconsumidor&amp;showAllReviews=true\" target=\"_blank\" rel=\"noopener\">Google Play<\/a>\u00a0e na\u00a0<a href=\"https:\/\/apps.apple.com\/us\/app\/boa-vista-consumidor-positivo\/id1482315306?l=pt&amp;ls=1\" target=\"_blank\" rel=\"noopener\">Apple Store<\/a>.<\/li>\n<\/ul>\n<p>&nbsp;<\/p>\n<\/div>\n<div class=\"mc-column content-text active-extra-styles \" data-block-type=\"unstyled\" data-block-weight=\"3\" data-block-id=\"11\">\n<p class=\"content-text__container \" data-track-category=\"Link no Texto\" data-track-links=\"\"><strong>SPC Brasil<\/strong><\/p>\n<\/div>\n<div class=\"mc-column content-text active-extra-styles\" data-block-type=\"raw\" data-block-weight=\"21\" data-block-id=\"12\">\n<p class=\"content-text__container\">\n<ul class=\"content-unordered-list\">\n<li>Pelo\u00a0<a href=\"https:\/\/www.spcbrasil.org.br\/consumidor\/consumidor\" target=\"_blank\" rel=\"noopener\">site do SPC Brasil<\/a>;<\/li>\n<li>Pelo aplicativo para celular &#8211; dispon\u00edvel para download na\u00a0<a href=\"https:\/\/play.google.com\/store\/apps\/details?id=br.com.spc.consumidor&amp;hl=pt&amp;gl=US\" target=\"_blank\" rel=\"noopener\">Google Play<\/a>\u00a0e na\u00a0<a href=\"https:\/\/apps.apple.com\/br\/app\/spc-consumidor\/id1323674644\" target=\"_blank\" rel=\"noopener\">Apple Store<\/a>.<\/li>\n<\/ul>\n<p>&nbsp;<\/p>\n<\/div>\n<div class=\"mc-column content-text active-extra-styles\" data-block-type=\"raw\" data-block-weight=\"4\" data-block-id=\"13\">\n<p class=\"content-text__container\"><strong>Como limpar o nome?<\/strong><\/p>\n<p>Com o nome inclu\u00eddo em um cadastro de prote\u00e7\u00e3o ao cr\u00e9dito, o consumidor dificilmente conseguir\u00e1 ter acesso a cr\u00e9dito no mercado. Portanto, uma vez com o nome sujo, \u00e9 preciso regularizar a situa\u00e7\u00e3o.<\/p>\n<\/div>\n<div class=\"mc-column content-text active-extra-styles \" data-block-type=\"unstyled\" data-block-weight=\"33\" data-block-id=\"15\">\n<p class=\"content-text__container \" data-track-category=\"Link no Texto\" data-track-links=\"\">A primeira coisa a fazer \u00e9 checar se a d\u00edvida \u00e9 devida \u2013 se foi feito neg\u00f3cio com a empresa que negativou o nome ou se o pagamento, de fato, n\u00e3o foi efetuado.<\/p>\n<\/div>\n<div class=\"content-ads content-ads--reveal\" data-block-type=\"ads\" data-block-id=\"16\">Se a pessoa n\u00e3o fez nenhum contrato de acordo com a empresa que enviou seu CPF para o cadastro de restri\u00e7\u00e3o ao cr\u00e9dito, s\u00e3o grandes as chances de que ela tenha sido v\u00edtima de uma fraude, ou seja, algu\u00e9m utilizou seus dados para ter acesso a cr\u00e9dito no mercado.<\/div>\n<div class=\"mc-column content-text active-extra-styles \" data-block-type=\"unstyled\" data-block-weight=\"64\" data-block-id=\"18\">\n<p class=\"content-text__container \" data-track-category=\"Link no Texto\" data-track-links=\"\">Neste caso, \u00e9 preciso entrar em contato com a empresa para informar o ocorrido e solicitar a exclus\u00e3o do cadastro. O consumidor tamb\u00e9m pode acionar \u00f3rg\u00e3os de defesa ao consumidor, bem como entrar em contato diretamente com a gestora do banco de dados. Ela tamb\u00e9m pode ingressar com uma a\u00e7\u00e3o judicial para pedir a regulariza\u00e7\u00e3o de seu cadastro e cobrar indeniza\u00e7\u00e3o por dano moral.<\/p>\n<\/div>\n<div class=\"mc-column content-text active-extra-styles \" data-block-type=\"unstyled\" data-block-weight=\"54\" data-block-id=\"19\">\n<p class=\"content-text__container \" data-track-category=\"Link no Texto\" data-track-links=\"\">Se a pessoa de fato fez neg\u00f3cio com a empresa respons\u00e1vel pela restri\u00e7\u00e3o de seu nome ao cr\u00e9dito, mas n\u00e3o reconhece a d\u00edvida por j\u00e1 t\u00ea-la pago, ter\u00e1 que comprovar o pagamento do d\u00e9bito. Para isso, dever\u00e1 entrar em contato com a empresa, comunicar o pagamento e solicitar a exclus\u00e3o de seu nome.<\/p>\n<\/div>\n<div class=\"mc-column content-text active-extra-styles \" data-block-type=\"unstyled\" data-block-weight=\"42\" data-block-id=\"20\">\n<p class=\"content-text__container \" data-track-category=\"Link no Texto\" data-track-links=\"\">Quando a pessoa reconhece a d\u00edvida, no entanto, precisa negociar com a empresa o pagamento para regulariza\u00e7\u00e3o do d\u00e9bito. Em caso de parcelamento da d\u00edvida, a retirada do CPF do cadastro deve ser feito logo ap\u00f3s o pagamento da primeira parcela.<\/p>\n<\/div>\n<div class=\"content-ads content-ads--reveal\" data-block-type=\"ads\" data-block-id=\"21\"><\/div>\n<div class=\"mc-column content-text active-extra-styles\" data-block-type=\"raw\" data-block-weight=\"3\" data-block-id=\"22\">\n<div class=\"content-intertitle\">\n<h2>Prescri\u00e7\u00e3o da d\u00edvida<\/h2>\n<\/div>\n<p>Outra hip\u00f3tese para a exclus\u00e3o do nome do cadastro de restri\u00e7\u00e3o ao cr\u00e9dito \u00e9 aguardar o t\u00e9rmino do prazo para prescri\u00e7\u00e3o da d\u00edvida, a partir do qual ela n\u00e3o poder\u00e1 mais ser cobrada. Este prazo varia de acordo com o tipo de d\u00edvida.<\/p>\n<\/div>\n<div class=\"mc-column content-text active-extra-styles \" data-block-type=\"unstyled\" data-block-weight=\"14\" data-block-id=\"24\">\n<p class=\"content-text__container \" data-track-category=\"Link no Texto\" data-track-links=\"\">Os prazos de prescri\u00e7\u00e3o para as principais d\u00edvidas do consumidor pessoa f\u00edsica s\u00e3o de:<\/p>\n<\/div>\n<div class=\"mc-column content-text active-extra-styles\" data-block-type=\"raw\" data-block-weight=\"46\" data-block-id=\"25\">\n<p class=\"content-text__container\">\n<ul class=\"content-unordered-list\">\n<li>3 anos &#8211; notas promiss\u00f3rias, letras de c\u00e2mbio, alugu\u00e9is de im\u00f3veis, entre outros;<\/li>\n<li>5 anos \u2013 Impostos como IPTU, IPVA e Imposto de Renda; multas de tr\u00e2nsito; contas de \u00e1gua, luz e telefone; boletos de condom\u00ednio, mensalidade escolar, plano de sa\u00fade e cons\u00f3rcio; cart\u00e3o de cr\u00e9dito.<\/li>\n<\/ul>\n<p>&nbsp;<\/p>\n<\/div>\n<div class=\"mc-column content-text active-extra-styles \" data-block-type=\"unstyled\" data-block-weight=\"28\" data-block-id=\"26\">\n<p class=\"content-text__container \" data-track-category=\"Link no Texto\" data-track-links=\"\">Uma vez prescrita, a d\u00edvida n\u00e3o pode mais ser cobrada e, por isso, a pessoa pode solicitar a exclus\u00e3o de seu nome do cadastro de restri\u00e7\u00e3o ao cr\u00e9dito.<\/p>\n<\/div>\n<p data-track-category=\"Link no Texto\" data-track-links=\"\">Fonte: G1<\/p>\n<\/div>\n","protected":false},"excerpt":{"rendered":"<p>Estar com o \u201cnome sujo\u201d no Brasil significa ter o Cadastro de Pessoa F\u00edsica (CPF) inscrito em um banco de dados de restri\u00e7\u00e3o ao cr\u00e9dito&#8230;.<\/p>\n","protected":false},"author":1527,"featured_media":38408,"comment_status":"closed","ping_status":"closed","sticky":false,"template":"","format":"standard","meta":{"footnotes":""},"categories":[6],"tags":[],"class_list":["post-38407","post","type-post","status-publish","format-standard","has-post-thumbnail","hentry","category-noticias"],"_links":{"self":[{"href":"https:\/\/www.sincomam.org.br\/index.php\/wp-json\/wp\/v2\/posts\/38407","targetHints":{"allow":["GET"]}}],"collection":[{"href":"https:\/\/www.sincomam.org.br\/index.php\/wp-json\/wp\/v2\/posts"}],"about":[{"href":"https:\/\/www.sincomam.org.br\/index.php\/wp-json\/wp\/v2\/types\/post"}],"author":[{"embeddable":true,"href":"https:\/\/www.sincomam.org.br\/index.php\/wp-json\/wp\/v2\/users\/1527"}],"replies":[{"embeddable":true,"href":"https:\/\/www.sincomam.org.br\/index.php\/wp-json\/wp\/v2\/comments?post=38407"}],"version-history":[{"count":1,"href":"https:\/\/www.sincomam.org.br\/index.php\/wp-json\/wp\/v2\/posts\/38407\/revisions"}],"predecessor-version":[{"id":38409,"href":"https:\/\/www.sincomam.org.br\/index.php\/wp-json\/wp\/v2\/posts\/38407\/revisions\/38409"}],"wp:featuredmedia":[{"embeddable":true,"href":"https:\/\/www.sincomam.org.br\/index.php\/wp-json\/wp\/v2\/media\/38408"}],"wp:attachment":[{"href":"https:\/\/www.sincomam.org.br\/index.php\/wp-json\/wp\/v2\/media?parent=38407"}],"wp:term":[{"taxonomy":"category","embeddable":true,"href":"https:\/\/www.sincomam.org.br\/index.php\/wp-json\/wp\/v2\/categories?post=38407"},{"taxonomy":"post_tag","embeddable":true,"href":"https:\/\/www.sincomam.org.br\/index.php\/wp-json\/wp\/v2\/tags?post=38407"}],"curies":[{"name":"wp","href":"https:\/\/api.w.org\/{rel}","templated":true}]}}