{"id":38402,"date":"2022-03-23T08:02:52","date_gmt":"2022-03-23T11:02:52","guid":{"rendered":"http:\/\/www.sincomam.org.br\/?p=38402"},"modified":"2022-03-23T08:02:52","modified_gmt":"2022-03-23T11:02:52","slug":"dia-mundial-da-agua-conscientiza-sobre-a-preservacao-desse-recurso-fundamental-para-a-vida-humana","status":"publish","type":"post","link":"https:\/\/www.sincomam.org.br\/index.php\/dia-mundial-da-agua-conscientiza-sobre-a-preservacao-desse-recurso-fundamental-para-a-vida-humana\/","title":{"rendered":"Dia Mundial da \u00c1gua conscientiza sobre a preserva\u00e7\u00e3o desse recurso fundamental para a vida humana"},"content":{"rendered":"<div class=\"rtejustify\">A \u00e1gua \u00e9 elemento fundamental para a preserva\u00e7\u00e3o da vida. Cerca de 70% da superf\u00edcie do planeta \u00e9 coberta por \u00e1gua. Do total de \u00e1gua dispon\u00edvel na Terra, 97% est\u00e3o nos mares e oceanos. Assim, cuidar desse recurso \u00e9 imprescind\u00edvel, visto que somente 3% de toda a \u00e1gua do planeta s\u00e3o \u00e1gua doce. Dessa porcentagem, estima-se que apenas 1% est\u00e1 dispon\u00edvel para o consumo, nos rios, lagos e \u00e1guas subterr\u00e2neas, enquanto os outros 2% est\u00e3o nas geleiras.<\/div>\n<div class=\"rtejustify\"><\/div>\n<div>\n<div class=\"rtejustify\">Com a finalidade de conscientizar sobre a preserva\u00e7\u00e3o das \u00e1guas em todo o planeta, a Assembleia Geral da ONU aprovou, durante a II Confer\u00eancia das Na\u00e7\u00f5es Unidas sobre o Meio Ambiente e o Desenvolvimento (RIO-92), resolu\u00e7\u00e3o que estabeleceu o dia 22 de mar\u00e7o como o Dia Mundial da \u00c1gua. Os estados-membros da ONU foram incentivados a dedicar esse dia para promover a\u00e7\u00f5es que conscientizem a popula\u00e7\u00e3o sobre a conserva\u00e7\u00e3o e o desenvolvimento dos recursos h\u00eddricos, de acordo com os contextos locais.<\/div>\n<div class=\"rtejustify\"><\/div>\n<div>\n<div class=\"rtejustify\">Todos os anos, a ONU enfatiza um aspecto da rela\u00e7\u00e3o da humanidade com a \u00e1gua. Em 2022, o tema escolhido \u00e9 \u201c\u00c1guas subterr\u00e2neas: Tornando o invis\u00edvel vis\u00edvel\u201d. A campanha deste ano demonstra como essas \u00e1guas s\u00e3o importantes, dentre outros motivos, para o consumo humano em \u00e1reas rurais.<\/div>\n<div class=\"rtejustify\"><\/div>\n<div>\n<div class=\"rtejustify\">O organismo internacional forma um colegiado denominado \u201cONU-\u00c1guas\u201d, composto por cerca de 30 organiza\u00e7\u00f5es pertencentes ao sistema ONU, e produz um relat\u00f3rio, lan\u00e7ado anualmente no dia 22 de mar\u00e7o, no qual apresenta dados relevantes sobre o uso global da \u00e1gua de acordo com as regi\u00f5es.<\/div>\n<div class=\"rtejustify\"><\/div>\n<div>\n<div class=\"rtejustify\">\u201cA inten\u00e7\u00e3o de se ter um Dia Mundial da \u00c1gua \u00e9 de, primeiro, promover e disseminar conhecimentos acerca da \u00e1gua e suas interfaces ecol\u00f3gicas, sociais e econ\u00f4micas e promover o engajamento de toda a sociedade a assumir compromissos em torno da conserva\u00e7\u00e3o e uso sustent\u00e1vel da \u00e1gua\u201d, afirma o oficial de projetos de ci\u00eancias naturais da UNESCO Brasil, Glauco Kimura.<\/div>\n<div class=\"rtejustify\"><\/div>\n<div>\n<div class=\"rtejustify\"><strong>Gerenciando os recursos h\u00eddricos do Brasil<\/strong><\/div>\n<div class=\"rtejustify\">A preocupa\u00e7\u00e3o com os recursos h\u00eddricos n\u00e3o poderia ser diferente no Brasil. O mar brasileiro possui cerca de 5,7 milh\u00f5es de km2 e \u00e9 fonte de alimento, energia e recursos minerais, al\u00e9m de ser a principal via para o com\u00e9rcio exterior. Segundo dados da Ag\u00eancia Nacional de Transportes Aquavi\u00e1rios (ANTAQ), apenas em 2021, os portos brasileiros movimentaram mais de 1,2 bilh\u00e3o de toneladas de produtos.<\/div>\n<div class=\"rtejustify\"><\/div>\n<div>\n<div class=\"rtejustify\">Ainda segundo a ANTAQ, no ano passado, circularam 65,2 milh\u00f5es de toneladas de produtos por hidrovias interiores, sendo 74% desse volume apenas na Regi\u00e3o Norte, com soja e milho como os produtos mais transportados.<\/div>\n<div class=\"rtejustify\"><\/div>\n<div>\n<div class=\"rtejustify\">O Brasil tem a maior reserva de \u00e1gua doce da Terra e 12% do total mundial. A Amaz\u00f4nia, por exemplo, \u00e9 uma regi\u00e3o que det\u00e9m a maior bacia fluvial do mundo. Enquanto a Regi\u00e3o Norte concentra aproximadamente 80% da \u00e1gua dispon\u00edvel no Pa\u00eds, regi\u00f5es pr\u00f3ximas ao Oceano Atl\u00e2ntico possuem menos de 3% dos recursos h\u00eddricos.<\/div>\n<div class=\"rtejustify\"><\/div>\n<div>\n<div class=\"rtejustify\">Com a finalidade de gerenciar os recursos h\u00eddricos em territ\u00f3rio nacional, a Ag\u00eancia Nacional de \u00c1guas (ANA) tem realizado o trabalho de monitorar a distribui\u00e7\u00e3o e a qualidade da \u00e1gua que chega ao povo brasileiro, com o objetivo de preservar e valorizar esse recurso.<\/div>\n<div class=\"rtejustify\"><\/div>\n<div class=\"rtejustify\">Um dos conceitos utilizados \u00e9 o de Seguran\u00e7a H\u00eddrica. De acordo com o Coordenador de Conserva\u00e7\u00e3o de \u00c1gua e Solo da ANA, Henrique Veiga, a seguran\u00e7a h\u00eddrica tem quatro frentes. \u201c\u00c9 uma condi\u00e7\u00e3o em que temos assegurada a \u00e1gua para satisfazer as necessidades humanas, de abastecimento, de higiene; condi\u00e7\u00f5es de \u00e1gua adequadas para o desenvolvimento das atividades produtivas da economia; para a manuten\u00e7\u00e3o do meio ambiente e dos ecossistemas; e, por fim, aquela dimens\u00e3o relacionada ao clima e a eventos hidrol\u00f3gicos cr\u00edticos e como minimizar essas varia\u00e7\u00f5es clim\u00e1ticas\u201d.<\/div>\n<div class=\"rtejustify\"><\/div>\n<div class=\"rtejustify\">Para assegurar ao Brasil um planejamento integrado e consistente de infraestrutura h\u00eddrica, com natureza estrat\u00e9gica e relev\u00e2ncia regional, com base nos principais problemas de seguran\u00e7a h\u00eddrica do Pa\u00eds, o Minist\u00e9rio do Desenvolvimento Regional possui o Plano Nacional de Seguran\u00e7a H\u00eddrica (PNSH).<\/div>\n<div class=\"rtejustify\"><\/div>\n<div class=\"rtejustify\">O plano apresenta um mapa com o \u00cdndice de Seguran\u00e7a H\u00eddrica (ISH) detalhado de acordo com as regi\u00f5es brasileiras e suas particularidades quanto ao acesso \u00e0 \u00e1gua. O diagn\u00f3stico definido por meio do ISH possibilita o planejamento de pol\u00edticas p\u00fablicas como, por exemplo, a constru\u00e7\u00e3o de barragens ou a transposi\u00e7\u00e3o de rios para regi\u00f5es mais necessitadas.<\/div>\n<div><\/div>\n<\/div>\n<\/div>\n<\/div>\n<\/div>\n<\/div>\n<\/div>\n<\/div>\n<\/div>\n","protected":false},"excerpt":{"rendered":"<p>A \u00e1gua \u00e9 elemento fundamental para a preserva\u00e7\u00e3o da vida. Cerca de 70% da superf\u00edcie do planeta \u00e9 coberta por \u00e1gua. Do total de \u00e1gua&#8230;<\/p>\n","protected":false},"author":1527,"featured_media":38410,"comment_status":"closed","ping_status":"closed","sticky":false,"template":"","format":"standard","meta":{"footnotes":""},"categories":[6],"tags":[],"class_list":["post-38402","post","type-post","status-publish","format-standard","has-post-thumbnail","hentry","category-noticias"],"_links":{"self":[{"href":"https:\/\/www.sincomam.org.br\/index.php\/wp-json\/wp\/v2\/posts\/38402","targetHints":{"allow":["GET"]}}],"collection":[{"href":"https:\/\/www.sincomam.org.br\/index.php\/wp-json\/wp\/v2\/posts"}],"about":[{"href":"https:\/\/www.sincomam.org.br\/index.php\/wp-json\/wp\/v2\/types\/post"}],"author":[{"embeddable":true,"href":"https:\/\/www.sincomam.org.br\/index.php\/wp-json\/wp\/v2\/users\/1527"}],"replies":[{"embeddable":true,"href":"https:\/\/www.sincomam.org.br\/index.php\/wp-json\/wp\/v2\/comments?post=38402"}],"version-history":[{"count":1,"href":"https:\/\/www.sincomam.org.br\/index.php\/wp-json\/wp\/v2\/posts\/38402\/revisions"}],"predecessor-version":[{"id":38411,"href":"https:\/\/www.sincomam.org.br\/index.php\/wp-json\/wp\/v2\/posts\/38402\/revisions\/38411"}],"wp:featuredmedia":[{"embeddable":true,"href":"https:\/\/www.sincomam.org.br\/index.php\/wp-json\/wp\/v2\/media\/38410"}],"wp:attachment":[{"href":"https:\/\/www.sincomam.org.br\/index.php\/wp-json\/wp\/v2\/media?parent=38402"}],"wp:term":[{"taxonomy":"category","embeddable":true,"href":"https:\/\/www.sincomam.org.br\/index.php\/wp-json\/wp\/v2\/categories?post=38402"},{"taxonomy":"post_tag","embeddable":true,"href":"https:\/\/www.sincomam.org.br\/index.php\/wp-json\/wp\/v2\/tags?post=38402"}],"curies":[{"name":"wp","href":"https:\/\/api.w.org\/{rel}","templated":true}]}}