{"id":38398,"date":"2022-03-22T10:27:03","date_gmt":"2022-03-22T13:27:03","guid":{"rendered":"http:\/\/www.sincomam.org.br\/?p=38398"},"modified":"2022-03-22T10:27:03","modified_gmt":"2022-03-22T13:27:03","slug":"trabalhador-podera-fazer-consulta-detalhada-do-abono-salarial","status":"publish","type":"post","link":"https:\/\/www.sincomam.org.br\/index.php\/trabalhador-podera-fazer-consulta-detalhada-do-abono-salarial\/","title":{"rendered":"Trabalhador poder\u00e1 fazer consulta detalhada do abono salarial"},"content":{"rendered":"<p>Todo trabalhador com carteira assinada tem direito ao abono salarial PIS\/Pasep que \u00e9 pago anualmente. Entretanto, quando come\u00e7ou o pagamento deste ano, algumas pessoas come\u00e7aram a reclamar que sempre receberam o benef\u00edcio e em 2022 foram exclu\u00eddas. Ou seja,\u00a0\u00a0n\u00e3o foram eleg\u00edveis para receber o abono salarial PIS\/Pasep. Essas pessoas v\u00e3o poder acessar o motivo pelo qual n\u00e3o receberam o benef\u00edcio.<\/p>\n<p>O Minist\u00e9rio do Trabalho e Previd\u00eancia, numa parceria com a Dataprev, pela Carteira de Trabalho Digital e na \u00e1rea de servi\u00e7os da plataforma Gov.br para que os trabalhadores que por algum motivo n\u00e3om receberam o benef\u00edcio possa fazer uma consulta.<\/p>\n<p data-fetch=\"true\">Para saber se voc\u00ea vai receber o abono salarial, dever\u00e1 atualizar o aplicativo\u00a0<a href=\"https:\/\/www.jornalcontabil.com.br\/tag\/abono-salarial\/\" target=\"_blank\" rel=\"noreferrer noopener\">Carteira de Trabalho Digital<\/a>\u00a0no seu celular. Na quarta-feira (16), o Governo Federal habilitou 1,6 milh\u00e3o de trabalhadores para receber o PIS\/Pasep. Isso porque houve um reprocessamento realizado pela Dataprev no m\u00eas de fevereiro. Ficou constatado que cerca de 24,2 milh\u00f5es de pessoas t\u00eam direito ao benef\u00edcio, sendo liberado R$ 22,62 bilh\u00f5es.<\/p>\n<p>Depois de serem apontadas inconsist\u00eancias em informa\u00e7\u00f5es encontradas na RAIS (Rela\u00e7\u00e3o Anual de Informa\u00e7\u00f5es Sociais), houve um reprocessamento. O que garantiu direito dos trabalhadores de receberem o benef\u00edcio, evitando futuros pedidos de revis\u00f5es adicionais.<\/p>\n<div id=\"jorna-369260649\" class=\"jorna-conteudo_4\">\n<div><strong>Crit\u00e9rios para receber o abono salarial PIS\/Pasep<\/strong><\/div>\n<\/div>\n<p>Estar cadastrado no PIS\/PASEP h\u00e1 pelo menos cinco anos;<\/p>\n<p>Ter recebido remunera\u00e7\u00e3o mensal m\u00e9dia de at\u00e9 dois sal\u00e1rios m\u00ednimos durante o ano-base (2020);<\/p>\n<p>Ter seus dados informados corretamente pelo empregador (Pessoa Jur\u00eddica) corretamente na Rela\u00e7\u00e3o Anual de Informa\u00e7\u00f5es Sociais (RAIS).<\/p>\n<div id=\"jorna-464870283\" class=\"jorna-amp-teads\">\n<div>Neste ano, o valor do abono salarial ser\u00e1 de R$ 1.212 para quem trabalhou 12 meses seguidos no ano-base 2020. Quem trabalhou menos tempo, recebe proporcionalmente aos meses trabalhados.<\/div>\n<\/div>\n<p>Nesta ter\u00e7a-feira (22) recebem o abono salarial, os trabalhadores nascidos em outubro. No dia 29 de mar\u00e7o, recebem os nascidos em novembro. Em 31 de mar\u00e7o, recebem os nascidos em dezembro.<\/p>\n<p>J\u00e1 o Pasep ser\u00e1 pago aos funcion\u00e1rios p\u00fablicos com o n\u00famero final do NIS:<\/p>\n<p>Final 8 dia 22 de mar\u00e7o<\/p>\n<p>Final 9 dia 24 de mar\u00e7o<\/p>\n","protected":false},"excerpt":{"rendered":"<p>Todo trabalhador com carteira assinada tem direito ao abono salarial PIS\/Pasep que \u00e9 pago anualmente. Entretanto, quando come\u00e7ou o pagamento deste ano, algumas pessoas come\u00e7aram&#8230;<\/p>\n","protected":false},"author":1527,"featured_media":31111,"comment_status":"closed","ping_status":"closed","sticky":false,"template":"","format":"standard","meta":{"footnotes":""},"categories":[6],"tags":[],"class_list":["post-38398","post","type-post","status-publish","format-standard","has-post-thumbnail","hentry","category-noticias"],"_links":{"self":[{"href":"https:\/\/www.sincomam.org.br\/index.php\/wp-json\/wp\/v2\/posts\/38398","targetHints":{"allow":["GET"]}}],"collection":[{"href":"https:\/\/www.sincomam.org.br\/index.php\/wp-json\/wp\/v2\/posts"}],"about":[{"href":"https:\/\/www.sincomam.org.br\/index.php\/wp-json\/wp\/v2\/types\/post"}],"author":[{"embeddable":true,"href":"https:\/\/www.sincomam.org.br\/index.php\/wp-json\/wp\/v2\/users\/1527"}],"replies":[{"embeddable":true,"href":"https:\/\/www.sincomam.org.br\/index.php\/wp-json\/wp\/v2\/comments?post=38398"}],"version-history":[{"count":1,"href":"https:\/\/www.sincomam.org.br\/index.php\/wp-json\/wp\/v2\/posts\/38398\/revisions"}],"predecessor-version":[{"id":38399,"href":"https:\/\/www.sincomam.org.br\/index.php\/wp-json\/wp\/v2\/posts\/38398\/revisions\/38399"}],"wp:featuredmedia":[{"embeddable":true,"href":"https:\/\/www.sincomam.org.br\/index.php\/wp-json\/wp\/v2\/media\/31111"}],"wp:attachment":[{"href":"https:\/\/www.sincomam.org.br\/index.php\/wp-json\/wp\/v2\/media?parent=38398"}],"wp:term":[{"taxonomy":"category","embeddable":true,"href":"https:\/\/www.sincomam.org.br\/index.php\/wp-json\/wp\/v2\/categories?post=38398"},{"taxonomy":"post_tag","embeddable":true,"href":"https:\/\/www.sincomam.org.br\/index.php\/wp-json\/wp\/v2\/tags?post=38398"}],"curies":[{"name":"wp","href":"https:\/\/api.w.org\/{rel}","templated":true}]}}