{"id":38393,"date":"2022-03-22T10:11:56","date_gmt":"2022-03-22T13:11:56","guid":{"rendered":"http:\/\/www.sincomam.org.br\/?p=38393"},"modified":"2022-03-22T10:11:56","modified_gmt":"2022-03-22T13:11:56","slug":"camex-reduz-a-zero-imposto-de-importacao-de-sete-itens-da-cesta-de-consumo-da-populacao","status":"publish","type":"post","link":"https:\/\/www.sincomam.org.br\/index.php\/camex-reduz-a-zero-imposto-de-importacao-de-sete-itens-da-cesta-de-consumo-da-populacao\/","title":{"rendered":"CAMEX REDUZ A ZERO IMPOSTO DE IMPORTA\u00c7\u00c3O DE SETE ITENS DA CESTA DE CONSUMO DA POPULA\u00c7\u00c3O"},"content":{"rendered":"<p>O Comit\u00ea-Executivo de Gest\u00e3o (Gecex) da C\u00e2mara de Com\u00e9rcio Exterior (Camex) do Minist\u00e9rio da Economia aprovou nesta segunda-feira (21\/3), durante sua 192\u00aa Reuni\u00e3o Ordin\u00e1ria, a redu\u00e7\u00e3o a 0% da al\u00edquota do Imposto de Importa\u00e7\u00e3o dos seguintes produtos:\u00a0<strong>caf\u00e9 mo\u00eddo, margarina, queijo, macarr\u00e3o, \u00f3leo de soja, etanol e a\u00e7\u00facar<\/strong>. A redu\u00e7\u00e3o se deu pela inclus\u00e3o desses produtos na Lista de Exce\u00e7\u00f5es \u00e0 TEC do Mercosul (Letec) e ter\u00e1 vig\u00eancia at\u00e9 o 31 de dezembro de 2022.<\/p>\n<p>O objetivo foi amenizar as press\u00f5es inflacion\u00e1rias resultantes do contexto pand\u00eamico, agravadas ainda pelo conflito deflagrado entre R\u00fassia e Ucr\u00e2nia, com reflexos importantes sobre os n\u00edveis internacionais de pre\u00e7os, especialmente o do petr\u00f3leo, cujo impacto nos custos de transporte atinge de forma transversal uma parcela significativa dos bens consumidos pela popula\u00e7\u00e3o brasileira.<\/p>\n<p>Foram priorizadas, nesse sentido, mercadorias com peso relativamente maior nas cestas de consumo da popula\u00e7\u00e3o e para os quais a infla\u00e7\u00e3o acumulada nos \u00faltimos 12 meses tenha tido significativa varia\u00e7\u00e3o positiva.<\/p>\n<p><b>Bens de Inform\u00e1tica e Telecomunica\u00e7\u00f5es (BIT) e Bens de Capital (BK)<\/b><\/p>\n<p>Adicionalmente, o Gecex tamb\u00e9m aprovou uma nova redu\u00e7\u00e3o de 10% das al\u00edquotas do Imposto de Importa\u00e7\u00e3o dos produtos definidos como Bens de Capital (BK) e Bens de Inform\u00e1tica e Telecomunica\u00e7\u00f5es (BIT) na Tarifa Externa Comum (TEC) do Mercosul. A primeira redu\u00e7\u00e3o, de 10%, ocorreu em mar\u00e7o de 2021.<\/p>\n<p>Com a nova redu\u00e7\u00e3o, a queda total na TEC, ser\u00e1 de 20% sobre a al\u00edquota vigente em mar\u00e7o do passado, ou seja, as redu\u00e7\u00f5es tomam como base a tarifa praticada at\u00e9 o in\u00edcio do processo de redu\u00e7\u00e3o.<\/p>\n<p>Essa redu\u00e7\u00e3o de carga tribut\u00e1ria, bem como outras, \u00e9 uma das medidas estruturantes que v\u00eam sendo adotadas pelo Minist\u00e9rio da Economia para aumento da competitividade do pa\u00eds, com est\u00edmulo \u00e0 gera\u00e7\u00e3o de emprego e renda.<\/p>\n<p>A medida aprovada nesta segunda, que abrange um total de 949 c\u00f3digos tarif\u00e1rios, busca aumentar a produtividade e a competitividade da economia brasileira, mediante a redu\u00e7\u00e3o dos custos envolvidos na importa\u00e7\u00e3o de produtos estrat\u00e9gicos.<\/p>\n<p>A redu\u00e7\u00e3o aprovada nesta segunda feira se soma \u00e0 redu\u00e7\u00e3o de 10% das referidas al\u00edquotas feita em mar\u00e7o de 2021, alcan\u00e7ando-se, assim, uma redu\u00e7\u00e3o de 20% sobre os n\u00edveis tarif\u00e1rios das importa\u00e7\u00f5es de BIT e BK vigentes at\u00e9 mar\u00e7o de 2021.<\/p>\n<p>Com a decis\u00e3o de hoje, um produto cuja al\u00edquota do imposto de importa\u00e7\u00e3o era de 14% antes da redu\u00e7\u00e3o realizada em 2021 passar\u00e1 a ter, com a segunda redu\u00e7\u00e3o agora aprovada, al\u00edquota de 11,2%. Em outro exemplo, um produto cuja al\u00edquota era de 10% at\u00e9 mar\u00e7o do ano passado, passar\u00e1 a ter, a partir da vig\u00eancia da medida aprovada hoje, al\u00edquota de 8% de imposto de importa\u00e7\u00e3o.<\/p>\n<p>&nbsp;<\/p>\n<p>Fonte: Informativo dos Portos<\/p>\n","protected":false},"excerpt":{"rendered":"<p>O Comit\u00ea-Executivo de Gest\u00e3o (Gecex) da C\u00e2mara de Com\u00e9rcio Exterior (Camex) do Minist\u00e9rio da Economia aprovou nesta segunda-feira (21\/3), durante sua 192\u00aa Reuni\u00e3o Ordin\u00e1ria, a&#8230;<\/p>\n","protected":false},"author":1527,"featured_media":38394,"comment_status":"closed","ping_status":"closed","sticky":false,"template":"","format":"standard","meta":{"footnotes":""},"categories":[6],"tags":[],"class_list":["post-38393","post","type-post","status-publish","format-standard","has-post-thumbnail","hentry","category-noticias"],"_links":{"self":[{"href":"https:\/\/www.sincomam.org.br\/index.php\/wp-json\/wp\/v2\/posts\/38393","targetHints":{"allow":["GET"]}}],"collection":[{"href":"https:\/\/www.sincomam.org.br\/index.php\/wp-json\/wp\/v2\/posts"}],"about":[{"href":"https:\/\/www.sincomam.org.br\/index.php\/wp-json\/wp\/v2\/types\/post"}],"author":[{"embeddable":true,"href":"https:\/\/www.sincomam.org.br\/index.php\/wp-json\/wp\/v2\/users\/1527"}],"replies":[{"embeddable":true,"href":"https:\/\/www.sincomam.org.br\/index.php\/wp-json\/wp\/v2\/comments?post=38393"}],"version-history":[{"count":1,"href":"https:\/\/www.sincomam.org.br\/index.php\/wp-json\/wp\/v2\/posts\/38393\/revisions"}],"predecessor-version":[{"id":38395,"href":"https:\/\/www.sincomam.org.br\/index.php\/wp-json\/wp\/v2\/posts\/38393\/revisions\/38395"}],"wp:featuredmedia":[{"embeddable":true,"href":"https:\/\/www.sincomam.org.br\/index.php\/wp-json\/wp\/v2\/media\/38394"}],"wp:attachment":[{"href":"https:\/\/www.sincomam.org.br\/index.php\/wp-json\/wp\/v2\/media?parent=38393"}],"wp:term":[{"taxonomy":"category","embeddable":true,"href":"https:\/\/www.sincomam.org.br\/index.php\/wp-json\/wp\/v2\/categories?post=38393"},{"taxonomy":"post_tag","embeddable":true,"href":"https:\/\/www.sincomam.org.br\/index.php\/wp-json\/wp\/v2\/tags?post=38393"}],"curies":[{"name":"wp","href":"https:\/\/api.w.org\/{rel}","templated":true}]}}