{"id":38391,"date":"2022-03-22T10:00:33","date_gmt":"2022-03-22T13:00:33","guid":{"rendered":"http:\/\/www.sincomam.org.br\/?p=38391"},"modified":"2022-03-22T10:00:33","modified_gmt":"2022-03-22T13:00:33","slug":"efeitos-colaterais-de-sancoes-ampliarao-impactos-na-cadeia-de-abastecimento-dizem-especialistas-de-comercio","status":"publish","type":"post","link":"https:\/\/www.sincomam.org.br\/index.php\/efeitos-colaterais-de-sancoes-ampliarao-impactos-na-cadeia-de-abastecimento-dizem-especialistas-de-comercio\/","title":{"rendered":"\u2018Efeitos colaterais\u2019 de san\u00e7\u00f5es ampliar\u00e3o impactos na cadeia de abastecimento, dizem especialistas de com\u00e9rcio"},"content":{"rendered":"<p>\u201cOlha as consequ\u00eancias que j\u00e1 est\u00e3o sendo sentidas no Brasil\u201d, argumentou o secret\u00e1rio-geral da Camara de Com\u00e9rcio Internacional (ICC), John Denton, ao mencionar \u201cconsequ\u00eancias n\u00e3o intencionais\u201d das san\u00e7\u00f5es internacionais contra a R\u00fassia sobre as cadeias de abastecimento, nesta segunda-feira (21), durante um f\u00f3rum na Organiza\u00e7\u00e3o Mundial do Com\u00e9rcio (OMC).<\/p>\n<p>\u201cNenhum de n\u00f3s est\u00e1 discutindo a necessidade de san\u00e7\u00f5es\u201d, afirmou Denton, que condenou a guerra que est\u00e1 ocorrendo na Ucr\u00e2nia como injustificada e contra a lei internacional. \u201cO que estou dizendo \u00e9 que se voc\u00ea quer solidariedade global, precisa olhar para os impactos na cadeia de abastecimento e fazer algo a respeito.\u201d<br \/>\nDenton apontou um impacto desproporcional sobre pequenas m\u00e9dias empresas e pa\u00edses em desenvolvimento, que necessitar\u00e3o financiamento de institui\u00e7\u00f5es multilaterais para ajustes estruturais.<br \/>\nNos debates, a avalia\u00e7\u00e3o geral foi de que os bloqueios e gargalos na cadeia de abastecimento provavelmente persistir\u00e3o em 2022 e talvez por mais tempo. E, no curto prazo, acumular\u00e3o press\u00f5es inflacion\u00e1rias.<br \/>\nNo m\u00e9dio prazo, a expectativa \u00e9 de que grandes incertezas, inclusive geopol\u00edticas, continuar\u00e3o a turvar a perspectiva de um afrouxamento do gargalo. E, a longo prazo, desafios estruturais como a moderniza\u00e7\u00e3o da infraestrutura, digitaliza\u00e7\u00e3o e descarboniza\u00e7\u00e3o das cadeias de abastecimento ter\u00e3o que ser enfrentados.<br \/>\nMesmo antes da guerra na Ucr\u00e2nia, as rupturas na cadeia de fornecimento pesavam sobre o com\u00e9rcio global, o crescimento econ\u00f4mico e a estabilidade de pre\u00e7os.<\/p>\n<p>\u201cA trag\u00e9dia que est\u00e1 se desenrolando na Ucr\u00e2nia est\u00e1 se acrescentando \u00e0s tristezas da cadeia de abastecimento\u201d, disse Ngozi Okonjo-Iweala, a diretora-geral da OMC, mencionando impactos imediatos na seguran\u00e7a alimentar global, com aumentos acentuados de pre\u00e7os para gr\u00e3os, oleaginosas e \u00f3leos vegetais e fertilizantes, e para a energia.<br \/>\nPara Ngozi, esse n\u00e3o \u00e9 o caso para recuo do com\u00e9rcio, estimando que as trocas ajudam na adapta\u00e7\u00e3o a esses e outros choques. \u201cMercados internacionais mais profundos e diversificados continuam sendo nossa melhor aposta para a resili\u00eancia de fornecimento\u201d, disse.<br \/>\nCharles Darr, vice-presidente da MSC, a maior empresa de navega\u00e7\u00e3o do mundo, acha que o choque da pandemia e agora da guerra podem ter algum efeito permanente sobre as cadeias de valor. Mas observou que a diversifica\u00e7\u00e3o de abastecimento \u00e9 mais f\u00e1cil de falar do que fazer. E que, no caso espec\u00edfico de sua companhia, acrescenta 100 navios em sua rede, mas se os portos n\u00e3o tiverem estrutura para receb\u00ea-los, isso n\u00e3o resolve a situa\u00e7\u00e3o.<\/p>\n<p>Fonte: Valor<\/p>\n","protected":false},"excerpt":{"rendered":"<p>\u201cOlha as consequ\u00eancias que j\u00e1 est\u00e3o sendo sentidas no Brasil\u201d, argumentou o secret\u00e1rio-geral da Camara de Com\u00e9rcio Internacional (ICC), John Denton, ao mencionar \u201cconsequ\u00eancias n\u00e3o&#8230;<\/p>\n","protected":false},"author":1527,"featured_media":37889,"comment_status":"closed","ping_status":"closed","sticky":false,"template":"","format":"standard","meta":{"footnotes":""},"categories":[6],"tags":[],"class_list":["post-38391","post","type-post","status-publish","format-standard","has-post-thumbnail","hentry","category-noticias"],"_links":{"self":[{"href":"https:\/\/www.sincomam.org.br\/index.php\/wp-json\/wp\/v2\/posts\/38391","targetHints":{"allow":["GET"]}}],"collection":[{"href":"https:\/\/www.sincomam.org.br\/index.php\/wp-json\/wp\/v2\/posts"}],"about":[{"href":"https:\/\/www.sincomam.org.br\/index.php\/wp-json\/wp\/v2\/types\/post"}],"author":[{"embeddable":true,"href":"https:\/\/www.sincomam.org.br\/index.php\/wp-json\/wp\/v2\/users\/1527"}],"replies":[{"embeddable":true,"href":"https:\/\/www.sincomam.org.br\/index.php\/wp-json\/wp\/v2\/comments?post=38391"}],"version-history":[{"count":1,"href":"https:\/\/www.sincomam.org.br\/index.php\/wp-json\/wp\/v2\/posts\/38391\/revisions"}],"predecessor-version":[{"id":38392,"href":"https:\/\/www.sincomam.org.br\/index.php\/wp-json\/wp\/v2\/posts\/38391\/revisions\/38392"}],"wp:featuredmedia":[{"embeddable":true,"href":"https:\/\/www.sincomam.org.br\/index.php\/wp-json\/wp\/v2\/media\/37889"}],"wp:attachment":[{"href":"https:\/\/www.sincomam.org.br\/index.php\/wp-json\/wp\/v2\/media?parent=38391"}],"wp:term":[{"taxonomy":"category","embeddable":true,"href":"https:\/\/www.sincomam.org.br\/index.php\/wp-json\/wp\/v2\/categories?post=38391"},{"taxonomy":"post_tag","embeddable":true,"href":"https:\/\/www.sincomam.org.br\/index.php\/wp-json\/wp\/v2\/tags?post=38391"}],"curies":[{"name":"wp","href":"https:\/\/api.w.org\/{rel}","templated":true}]}}