{"id":38388,"date":"2022-03-22T09:56:08","date_gmt":"2022-03-22T12:56:08","guid":{"rendered":"http:\/\/www.sincomam.org.br\/?p=38388"},"modified":"2022-03-22T09:56:08","modified_gmt":"2022-03-22T12:56:08","slug":"marinha-realiza-operacao-agata-1-trimestre-2022","status":"publish","type":"post","link":"https:\/\/www.sincomam.org.br\/index.php\/marinha-realiza-operacao-agata-1-trimestre-2022\/","title":{"rendered":"Marinha realiza Opera\u00e7\u00e3o \u201c\u00c1gata\u201d (1\u00b0 Trimestre\/2022)"},"content":{"rendered":"<p>O Comando do 5\u00b0 Distrito Naval (Com5\u00baDN) realizou, nos Estados de Santa Catarina e do Rio Grande do Sul, no per\u00edodo de 14 a 18 de mar\u00e7o, a Opera\u00e7\u00e3o \u201c\u00c1gata\u201d (1\u00b0 Trimestre de 2022), na qual foram conduzidas atividades de inspe\u00e7\u00e3o naval, patrulhamento e patrulha naval, totalizando 305 abordagens e emiss\u00e3o de 39 notifica\u00e7\u00f5es de infra\u00e7\u00f5es. As a\u00e7\u00f5es resultaram na apreens\u00e3o de 19 embarca\u00e7\u00f5es, 100 metros de rede de pesca, mais de 1 tonelada de pescado ilegal e contrabando de v\u00e1rios tipos de produtos. Al\u00e9m disso, houve a pris\u00e3o de 4 pessoas por pr\u00e1tica de crime contra o meio ambiente, 2 flagradas realizando pesca ilegal, 1 por porte ilegal de muni\u00e7\u00e3o e uma por desacato.<\/p>\n<p>Ao longo dos cinco dias de opera\u00e7\u00e3o, o Com5\u00baDN empregou 174 militares, o Rebocador de Alto-Mar \u201cTrit\u00e3o\u201d, duas aeronaves do 1\u00b0 Esquadr\u00e3o de Helic\u00f3pteros de Emprego Geral do Sul, embarca\u00e7\u00f5es e viaturas das organiza\u00e7\u00f5es militares da sua \u00e1rea de jurisdi\u00e7\u00e3o. Contou, ainda, com a participa\u00e7\u00e3o de agentes de \u00f3rg\u00e3os de seguran\u00e7a p\u00fablica e de ag\u00eancias civis governamentais nos dois Estados, como a Pol\u00edcia Militar, Pol\u00edcia Civil,\u00a0<a title=\"Pol\u00edcia Federal\" href=\"https:\/\/defesaemfoco.com.br\/seguranca-publica\/policia-federal\/\" data-internallinksmanager029f6b8e52c=\"17\">Pol\u00edcia Federal<\/a>, Receita Federal, Secretarias Municipais de Agricultura, Pesca, Desenvolvimento Econ\u00f4mico e Meio Ambiente, Comando Ambiental da Brigada Militar, Instituto Brasileiro do Meio Ambiente e dos Recursos Naturais e Companhia Integrada de Desenvolvimento Agr\u00edcola de Santa Catarina.<\/p>\n<p>Fonte: Defesa em Foco<\/p>\n","protected":false},"excerpt":{"rendered":"<p>O Comando do 5\u00b0 Distrito Naval (Com5\u00baDN) realizou, nos Estados de Santa Catarina e do Rio Grande do Sul, no per\u00edodo de 14 a 18&#8230;<\/p>\n","protected":false},"author":1527,"featured_media":38389,"comment_status":"closed","ping_status":"closed","sticky":false,"template":"","format":"standard","meta":{"footnotes":""},"categories":[6],"tags":[],"class_list":["post-38388","post","type-post","status-publish","format-standard","has-post-thumbnail","hentry","category-noticias"],"_links":{"self":[{"href":"https:\/\/www.sincomam.org.br\/index.php\/wp-json\/wp\/v2\/posts\/38388","targetHints":{"allow":["GET"]}}],"collection":[{"href":"https:\/\/www.sincomam.org.br\/index.php\/wp-json\/wp\/v2\/posts"}],"about":[{"href":"https:\/\/www.sincomam.org.br\/index.php\/wp-json\/wp\/v2\/types\/post"}],"author":[{"embeddable":true,"href":"https:\/\/www.sincomam.org.br\/index.php\/wp-json\/wp\/v2\/users\/1527"}],"replies":[{"embeddable":true,"href":"https:\/\/www.sincomam.org.br\/index.php\/wp-json\/wp\/v2\/comments?post=38388"}],"version-history":[{"count":1,"href":"https:\/\/www.sincomam.org.br\/index.php\/wp-json\/wp\/v2\/posts\/38388\/revisions"}],"predecessor-version":[{"id":38390,"href":"https:\/\/www.sincomam.org.br\/index.php\/wp-json\/wp\/v2\/posts\/38388\/revisions\/38390"}],"wp:featuredmedia":[{"embeddable":true,"href":"https:\/\/www.sincomam.org.br\/index.php\/wp-json\/wp\/v2\/media\/38389"}],"wp:attachment":[{"href":"https:\/\/www.sincomam.org.br\/index.php\/wp-json\/wp\/v2\/media?parent=38388"}],"wp:term":[{"taxonomy":"category","embeddable":true,"href":"https:\/\/www.sincomam.org.br\/index.php\/wp-json\/wp\/v2\/categories?post=38388"},{"taxonomy":"post_tag","embeddable":true,"href":"https:\/\/www.sincomam.org.br\/index.php\/wp-json\/wp\/v2\/tags?post=38388"}],"curies":[{"name":"wp","href":"https:\/\/api.w.org\/{rel}","templated":true}]}}